{"id":40329,"date":"2024-11-17T18:12:52","date_gmt":"2024-11-17T22:12:52","guid":{"rendered":"https:\/\/ciudadtrujillo.com\/?p=40329"},"modified":"2024-11-17T18:12:52","modified_gmt":"2024-11-17T22:12:52","slug":"estado-mayor-de-emergencia-mantiene-atencion-en-afectaciones-por-lluvias","status":"publish","type":"post","link":"https:\/\/ciudadtrujillo.com\/?p=40329","title":{"rendered":"Estado Mayor de Emergencia mantiene atenci\u00f3n en afectaciones por lluvias"},"content":{"rendered":"<p style=\"text-align: justify;\">El gobernador Gerardo M\u00e1rquez inform\u00f3 que ante las situaciones de emergencia a causa de las precipitaciones registradas en la entidad se mantienen activos siete frentes de trabajo en los municipios Sucre, Miranda, Carache, Valera, Trujillo, Candelaria y Pamp\u00e1n, siendo este \u00faltimo el m\u00e1s afectado con presencia de fuertes deslaves que han ocasionado da\u00f1os a la infraestructura vial y viviendas, as\u00ed como la obstaculizaci\u00f3n del paso vehicular.<\/p>\n<p style=\"text-align: justify;\">El mandatario regional asever\u00f3 que en fusi\u00f3n popular &#8211; militar &#8211; policial se han desplegado en los distintos puntos donde se han presentado eventos adversos, con el despliegue de maquinaria y personal necesario. Precisamente, directores de gobierno junto al gobernador Gerardo M\u00e1rquez han recorrido las zonas afectadas por las lluvias, evaluando los da\u00f1os y escuchando planteamientos del pueblo tal como lo ha orientado el Presidente Nicol\u00e1s Maduro.<\/p>\n<p style=\"text-align: justify;\">Por parte del Gabinete de Infraestructura, las instituciones de car\u00e1cter nacional y regional que lo componen han sumado grandes esfuerzos para atender como un solo equipo todos los da\u00f1os registrados; el \u00e1rea social ha hecho lo propio con la evaluaci\u00f3n del estado de salud e integridad de las familias, entrega de medicamentos, alimentos y enseres en casos espec\u00edficos para garantizarles su bienestar mientras que en lo relacionado a servicios p\u00fablicos se han realizado revisiones y atenciones en materia de electricidad, agua y gas dom\u00e9stico.<\/p>\n<p style=\"text-align: justify;\">Cabe destacar que el Estado Mayor de Emergencia se mantiene en alerta permanente para actuar con inmediatez ante las situaciones sobrevenidas.<\/p>\n<p>&nbsp;<\/p>\n<p>&nbsp;<\/p>\n<h6>Yelimar Hidalgo\/Gr\u00e1ficas: David V\u00e1squez<\/h6>\n","protected":false},"excerpt":{"rendered":"<p>El gobernador Gerardo M\u00e1rquez inform\u00f3 que ante las situaciones de emergencia a causa de las precipitaciones registradas en la entidad se mantienen activos siete frentes de trabajo en los municipios&hellip; <\/p>\n","protected":false},"author":7,"featured_media":40330,"comment_status":"closed","ping_status":"closed","sticky":false,"template":"","format":"standard","meta":{"footnotes":""},"categories":[52,40],"tags":[],"class_list":["post-40329","post","type-post","status-publish","format-standard","has-post-thumbnail","hentry","category-destacadas","category-grantrujillo"],"_links":{"self":[{"href":"https:\/\/ciudadtrujillo.com\/index.php?rest_route=\/wp\/v2\/posts\/40329","targetHints":{"allow":["GET"]}}],"collection":[{"href":"https:\/\/ciudadtrujillo.com\/index.php?rest_route=\/wp\/v2\/posts"}],"about":[{"href":"https:\/\/ciudadtrujillo.com\/index.php?rest_route=\/wp\/v2\/types\/post"}],"author":[{"embeddable":true,"href":"https:\/\/ciudadtrujillo.com\/index.php?rest_route=\/wp\/v2\/users\/7"}],"replies":[{"embeddable":true,"href":"https:\/\/ciudadtrujillo.com\/index.php?rest_route=%2Fwp%2Fv2%2Fcomments&post=40329"}],"version-history":[{"count":1,"href":"https:\/\/ciudadtrujillo.com\/index.php?rest_route=\/wp\/v2\/posts\/40329\/revisions"}],"predecessor-version":[{"id":40331,"href":"https:\/\/ciudadtrujillo.com\/index.php?rest_route=\/wp\/v2\/posts\/40329\/revisions\/40331"}],"wp:featuredmedia":[{"embeddable":true,"href":"https:\/\/ciudadtrujillo.com\/index.php?rest_route=\/wp\/v2\/media\/40330"}],"wp:attachment":[{"href":"https:\/\/ciudadtrujillo.com\/index.php?rest_route=%2Fwp%2Fv2%2Fmedia&parent=40329"}],"wp:term":[{"taxonomy":"category","embeddable":true,"href":"https:\/\/ciudadtrujillo.com\/index.php?rest_route=%2Fwp%2Fv2%2Fcategories&post=40329"},{"taxonomy":"post_tag","embeddable":true,"href":"https:\/\/ciudadtrujillo.com\/index.php?rest_route=%2Fwp%2Fv2%2Ftags&post=40329"}],"curies":[{"name":"wp","href":"https:\/\/api.w.org\/{rel}","templated":true}]}}