{"id":40293,"date":"2024-11-14T20:29:20","date_gmt":"2024-11-15T00:29:20","guid":{"rendered":"https:\/\/ciudadtrujillo.com\/?p=40293"},"modified":"2024-11-14T20:31:42","modified_gmt":"2024-11-15T00:31:42","slug":"gobierno-bolivariano-despliega-7-frentes-de-trabajo-en-atencion-a-emergencias-por-lluvias","status":"publish","type":"post","link":"https:\/\/ciudadtrujillo.com\/?p=40293","title":{"rendered":"Gobierno Bolivariano despliega 7 frentes de trabajo en atenci\u00f3n a emergencias por lluvias"},"content":{"rendered":"<p style=\"text-align: justify;\">El gobernador de Trujillo, Gerardo M\u00e1rquez, inform\u00f3 que en varios municipios del estado se han registrado afectaciones por las fuertes precipitaciones de los \u00faltimos d\u00edas, especialmente en carreteras, por lo cual se han desplegado siete frentes de trabajo.<\/p>\n<p><img loading=\"lazy\" decoding=\"async\" class=\" wp-image-40295 aligncenter\" src=\"https:\/\/ciudadtrujillo.com\/wp-content\/uploads\/2024\/11\/WhatsApp-Image-2024-11-14-at-5.20.06-PM-1-300x169.jpeg\" alt=\"\" width=\"487\" height=\"274\" srcset=\"https:\/\/ciudadtrujillo.com\/wp-content\/uploads\/2024\/11\/WhatsApp-Image-2024-11-14-at-5.20.06-PM-1-300x169.jpeg 300w, https:\/\/ciudadtrujillo.com\/wp-content\/uploads\/2024\/11\/WhatsApp-Image-2024-11-14-at-5.20.06-PM-1-1024x576.jpeg 1024w, https:\/\/ciudadtrujillo.com\/wp-content\/uploads\/2024\/11\/WhatsApp-Image-2024-11-14-at-5.20.06-PM-1-768x432.jpeg 768w, https:\/\/ciudadtrujillo.com\/wp-content\/uploads\/2024\/11\/WhatsApp-Image-2024-11-14-at-5.20.06-PM-1.jpeg 1080w\" sizes=\"auto, (max-width: 487px) 100vw, 487px\" \/><\/p>\n<p style=\"text-align: justify;\">Desde la Troncal 007, v\u00eda que conecta a El Cruce con Santa Ana, en el municipio Pamp\u00e1n, M\u00e1rquez detall\u00f3 que se han presentado 11 deslaves en el sector, uno de ellos de m\u00e1s de 15 metros de altura, raz\u00f3n por la cual las maquinarias est\u00e1n despejando la carretera. Agradeci\u00f3 el apoyo del Presidente Nicol\u00e1s Maduro y del gobierno nacional.<\/p>\n<p>&nbsp;<\/p>\n<p><img loading=\"lazy\" decoding=\"async\" class=\"wp-image-40296 aligncenter\" src=\"https:\/\/ciudadtrujillo.com\/wp-content\/uploads\/2024\/11\/WhatsApp-Image-2024-11-14-at-5.20.06-PM-300x200.jpeg\" alt=\"\" width=\"494\" height=\"329\" srcset=\"https:\/\/ciudadtrujillo.com\/wp-content\/uploads\/2024\/11\/WhatsApp-Image-2024-11-14-at-5.20.06-PM-300x200.jpeg 300w, https:\/\/ciudadtrujillo.com\/wp-content\/uploads\/2024\/11\/WhatsApp-Image-2024-11-14-at-5.20.06-PM-1024x682.jpeg 1024w, https:\/\/ciudadtrujillo.com\/wp-content\/uploads\/2024\/11\/WhatsApp-Image-2024-11-14-at-5.20.06-PM-768x511.jpeg 768w, https:\/\/ciudadtrujillo.com\/wp-content\/uploads\/2024\/11\/WhatsApp-Image-2024-11-14-at-5.20.06-PM.jpeg 1080w\" sizes=\"auto, (max-width: 494px) 100vw, 494px\" \/><\/p>\n<p style=\"text-align: justify;\">\u00abEstamos atendiendo de manera integral, con el Estado Mayor de Emergencia, en uni\u00f3n popular, militar, policial perfecta (&#8230;) Seguimos en el sitio y abordando personalmente estas situaciones que se han presentado\u00bb, coment\u00f3 el mandatario regional. A\u00f1adi\u00f3 que hay viviendas que se han perdido parcial y totalmente, adem\u00e1s del da\u00f1o en enseres.<\/p>\n<p>&nbsp;<\/p>\n<p>&nbsp;<\/p>\n<h6>Eliph Catalina Fern\u00e1ndez\/Gr\u00e1ficas: David V\u00e1squez y Samuel Torres<\/h6>\n","protected":false},"excerpt":{"rendered":"<p>El gobernador de Trujillo, Gerardo M\u00e1rquez, inform\u00f3 que en varios municipios del estado se han registrado afectaciones por las fuertes precipitaciones de los \u00faltimos d\u00edas, especialmente en carreteras, por lo&hellip; <\/p>\n","protected":false},"author":7,"featured_media":40294,"comment_status":"closed","ping_status":"closed","sticky":false,"template":"","format":"standard","meta":{"footnotes":""},"categories":[52,40],"tags":[],"class_list":["post-40293","post","type-post","status-publish","format-standard","has-post-thumbnail","hentry","category-destacadas","category-grantrujillo"],"_links":{"self":[{"href":"https:\/\/ciudadtrujillo.com\/index.php?rest_route=\/wp\/v2\/posts\/40293","targetHints":{"allow":["GET"]}}],"collection":[{"href":"https:\/\/ciudadtrujillo.com\/index.php?rest_route=\/wp\/v2\/posts"}],"about":[{"href":"https:\/\/ciudadtrujillo.com\/index.php?rest_route=\/wp\/v2\/types\/post"}],"author":[{"embeddable":true,"href":"https:\/\/ciudadtrujillo.com\/index.php?rest_route=\/wp\/v2\/users\/7"}],"replies":[{"embeddable":true,"href":"https:\/\/ciudadtrujillo.com\/index.php?rest_route=%2Fwp%2Fv2%2Fcomments&post=40293"}],"version-history":[{"count":1,"href":"https:\/\/ciudadtrujillo.com\/index.php?rest_route=\/wp\/v2\/posts\/40293\/revisions"}],"predecessor-version":[{"id":40297,"href":"https:\/\/ciudadtrujillo.com\/index.php?rest_route=\/wp\/v2\/posts\/40293\/revisions\/40297"}],"wp:featuredmedia":[{"embeddable":true,"href":"https:\/\/ciudadtrujillo.com\/index.php?rest_route=\/wp\/v2\/media\/40294"}],"wp:attachment":[{"href":"https:\/\/ciudadtrujillo.com\/index.php?rest_route=%2Fwp%2Fv2%2Fmedia&parent=40293"}],"wp:term":[{"taxonomy":"category","embeddable":true,"href":"https:\/\/ciudadtrujillo.com\/index.php?rest_route=%2Fwp%2Fv2%2Fcategories&post=40293"},{"taxonomy":"post_tag","embeddable":true,"href":"https:\/\/ciudadtrujillo.com\/index.php?rest_route=%2Fwp%2Fv2%2Ftags&post=40293"}],"curies":[{"name":"wp","href":"https:\/\/api.w.org\/{rel}","templated":true}]}}