{"id":40243,"date":"2024-11-13T20:33:53","date_gmt":"2024-11-14T00:33:53","guid":{"rendered":"https:\/\/ciudadtrujillo.com\/?p=40243"},"modified":"2024-11-13T20:33:53","modified_gmt":"2024-11-14T00:33:53","slug":"jamaica-se-declara-en-alerta-por-nuevas-precipitaciones","status":"publish","type":"post","link":"https:\/\/ciudadtrujillo.com\/?p=40243","title":{"rendered":"Jamaica se declara en alerta por nuevas precipitaciones"},"content":{"rendered":"<p style=\"text-align: justify;\">Seg\u00fan los \u00faltimos pron\u00f3sticos emitidos por el Servicios Meteorol\u00f3gicos de Jamaica (Met Service), aunque hoy se registraron precipitaciones, se espera un clima a\u00fan m\u00e1s inestable para el pr\u00f3ximo fin de semana. La poblaci\u00f3n ha sido advertida de la llegada de un centro de bajas presiones que se desplaza a trav\u00e9s del mar Caribe, con direcci\u00f3n hacia el estrecho de la Florida.<\/p>\n<p style=\"text-align: justify;\">El Met Service ha instado a los residentes las precauciones necesarias ante las pr\u00f3ximas lluvias, que podr\u00edan intensificarse a medida que el sistema meteorol\u00f3gico avanza. En Jamaica, ya se observan nublados y chubascos aislados que anuncian la proximidad de este fen\u00f3meno, el cual podr\u00eda evolucionar hasta convertirse en una tormenta tropical, aumentando as\u00ed los riesgos para las \u00e1reas costeras.<\/p>\n<p style=\"text-align: justify;\">Este nuevo centro de bajas presiones llega poco despu\u00e9s del paso del hurac\u00e1n Rafael por Kingston y aunque degradado a tormenta tropical, caus\u00f3 inundaciones, deslizamientos de tierra y afectaciones a los sistemas el\u00e9ctricos. Los primeros informes sobre los da\u00f1os provocados por Rafael retrasados debido a la ca\u00edda de los sistemas de comunicaci\u00f3n, estiman p\u00e9rdidas entre 500 mil y un mill\u00f3n de d\u00f3lares, seg\u00fan declaraciones del primer ministro Andrew Holness.<\/p>\n<p style=\"text-align: justify;\">Holness mencion\u00f3 que se han destinado recursos presupuestarios para emergencias, con un fondo de aproximadamente cinco millones de d\u00f3lares dise\u00f1ado para responder a desastres naturales. \u00abHemos hecho asignaciones presupuestarias para crear reservas, que hemos puesto en un fondo para imprevistos,\u00bb afirm\u00f3 el primer ministro.<\/p>\n<p style=\"text-align: justify;\">En el sector agr\u00edcola, las p\u00e9rdidas causadas por el hurac\u00e1n Rafael han sido significativas, con estimaciones de da\u00f1os por 208 millones de d\u00f3lares. Estas cifras se suman a las p\u00e9rdidas casi millonarias provocadas por el hurac\u00e1n Beryl en Julio, que afecto a m\u00e1s de cinco mil agricultores y destruy\u00f3 alrededor de 364 hect\u00e1reas de cultivos.<\/p>\n<p>&nbsp;<\/p>\n<p>&nbsp;<\/p>\n<h6>VTV<\/h6>\n","protected":false},"excerpt":{"rendered":"<p>Seg\u00fan los \u00faltimos pron\u00f3sticos emitidos por el Servicios Meteorol\u00f3gicos de Jamaica (Met Service), aunque hoy se registraron precipitaciones, se espera un clima a\u00fan m\u00e1s inestable para el pr\u00f3ximo fin de&hellip; <\/p>\n","protected":false},"author":7,"featured_media":40244,"comment_status":"closed","ping_status":"closed","sticky":false,"template":"","format":"standard","meta":{"footnotes":""},"categories":[42],"tags":[],"class_list":["post-40243","post","type-post","status-publish","format-standard","has-post-thumbnail","hentry","category-mundo"],"_links":{"self":[{"href":"https:\/\/ciudadtrujillo.com\/index.php?rest_route=\/wp\/v2\/posts\/40243","targetHints":{"allow":["GET"]}}],"collection":[{"href":"https:\/\/ciudadtrujillo.com\/index.php?rest_route=\/wp\/v2\/posts"}],"about":[{"href":"https:\/\/ciudadtrujillo.com\/index.php?rest_route=\/wp\/v2\/types\/post"}],"author":[{"embeddable":true,"href":"https:\/\/ciudadtrujillo.com\/index.php?rest_route=\/wp\/v2\/users\/7"}],"replies":[{"embeddable":true,"href":"https:\/\/ciudadtrujillo.com\/index.php?rest_route=%2Fwp%2Fv2%2Fcomments&post=40243"}],"version-history":[{"count":1,"href":"https:\/\/ciudadtrujillo.com\/index.php?rest_route=\/wp\/v2\/posts\/40243\/revisions"}],"predecessor-version":[{"id":40245,"href":"https:\/\/ciudadtrujillo.com\/index.php?rest_route=\/wp\/v2\/posts\/40243\/revisions\/40245"}],"wp:featuredmedia":[{"embeddable":true,"href":"https:\/\/ciudadtrujillo.com\/index.php?rest_route=\/wp\/v2\/media\/40244"}],"wp:attachment":[{"href":"https:\/\/ciudadtrujillo.com\/index.php?rest_route=%2Fwp%2Fv2%2Fmedia&parent=40243"}],"wp:term":[{"taxonomy":"category","embeddable":true,"href":"https:\/\/ciudadtrujillo.com\/index.php?rest_route=%2Fwp%2Fv2%2Fcategories&post=40243"},{"taxonomy":"post_tag","embeddable":true,"href":"https:\/\/ciudadtrujillo.com\/index.php?rest_route=%2Fwp%2Fv2%2Ftags&post=40243"}],"curies":[{"name":"wp","href":"https:\/\/api.w.org\/{rel}","templated":true}]}}