{"id":40240,"date":"2024-11-13T20:31:38","date_gmt":"2024-11-14T00:31:38","guid":{"rendered":"https:\/\/ciudadtrujillo.com\/?p=40240"},"modified":"2024-11-13T20:31:38","modified_gmt":"2024-11-14T00:31:38","slug":"presidente-nicolas-maduro-debemos-escuchar-y-aprender-del-pueblo-para-defender-nuestro-legado","status":"publish","type":"post","link":"https:\/\/ciudadtrujillo.com\/?p=40240","title":{"rendered":"Presidente Nicol\u00e1s Maduro: Debemos escuchar y aprender del pueblo para defender nuestro legado"},"content":{"rendered":"<p style=\"text-align: justify;\">El Presidente de la Rep\u00fablica Bolivariana de Venezuela, Nicol\u00e1s Maduro, a trav\u00e9s de su canal de Telegram, asegur\u00f3 que el pa\u00eds \u00abtiene una robusta visi\u00f3n hist\u00f3rica y un robusto legado que defender, con nuestra propia vida. Ese es el chavismo, el pueblo hecho amor, hecho patria, hecho voluntad \u00ab.<\/p>\n<p style=\"text-align: justify;\">En un video publicado en la referida plataforma digital, el jefe de Estado afirm\u00f3 que el pueblo venezolano debe \u00abreplantearse muchas cosas, el liderazgo, el trabajo colectivo de escuchar y aprender del pueblo, de tener el o\u00eddo en la calle\u00bb.<\/p>\n<p style=\"text-align: justify;\">El material compartido por el presidente Maduro, surge a prop\u00f3sito de la aprobaci\u00f3n del proyecto de reforma de la Ley Org\u00e1nica de Justicia de Paz Comunal; que es una reforma que \u00abpermitir\u00e1 avanzar en la territorializaci\u00f3n del sistema de justicia, acerc\u00e1ndose a las comunidades y empoderando al pueblo\u201d expres\u00f3 el mandatario nacional.<\/p>\n<p style=\"text-align: justify;\">En tal sentido, el Poder Popular en el audiovisual, resalt\u00f3 que, este trabajo colectivo que se hace con las asambleas en las comunidades \u00abes muy importante porque as\u00ed todos nos expresamos y decimos lo que sentimos y lo que queremos, si nos organizamos todo sale mejor\u00bb. Asimismo, destacan que \u00abhay que trabajar para echar a nuestro pa\u00eds adelante, todos en equipo, tanto en comunidad, como en Gobierno\u00bb.<\/p>\n<p style=\"text-align: justify;\">Esta segunda discusi\u00f3n del proyecto de Reforma de la Ley Org\u00e1nica de Justicia de Paz Comunal, se realiz\u00f3 conforme a lo establecido en el art\u00edculo 106 del Reglamento Interior y de Debates de la Asamblea Nacional. La Ley aprobada consta de 64 art\u00edculos y una disposici\u00f3n final, cuyo objetivo es reforzar la democracia participativa y protag\u00f3nica de las vocer\u00edas comunales como bases del Poder Popular.<\/p>\n<p>&nbsp;<\/p>\n<p>&nbsp;<\/p>\n<h6 style=\"text-align: justify;\">VTV<\/h6>\n","protected":false},"excerpt":{"rendered":"<p>El Presidente de la Rep\u00fablica Bolivariana de Venezuela, Nicol\u00e1s Maduro, a trav\u00e9s de su canal de Telegram, asegur\u00f3 que el pa\u00eds \u00abtiene una robusta visi\u00f3n hist\u00f3rica y un robusto legado&hellip; <\/p>\n","protected":false},"author":7,"featured_media":40241,"comment_status":"closed","ping_status":"closed","sticky":false,"template":"","format":"standard","meta":{"footnotes":""},"categories":[41],"tags":[],"class_list":["post-40240","post","type-post","status-publish","format-standard","has-post-thumbnail","hentry","category-pais"],"_links":{"self":[{"href":"https:\/\/ciudadtrujillo.com\/index.php?rest_route=\/wp\/v2\/posts\/40240","targetHints":{"allow":["GET"]}}],"collection":[{"href":"https:\/\/ciudadtrujillo.com\/index.php?rest_route=\/wp\/v2\/posts"}],"about":[{"href":"https:\/\/ciudadtrujillo.com\/index.php?rest_route=\/wp\/v2\/types\/post"}],"author":[{"embeddable":true,"href":"https:\/\/ciudadtrujillo.com\/index.php?rest_route=\/wp\/v2\/users\/7"}],"replies":[{"embeddable":true,"href":"https:\/\/ciudadtrujillo.com\/index.php?rest_route=%2Fwp%2Fv2%2Fcomments&post=40240"}],"version-history":[{"count":1,"href":"https:\/\/ciudadtrujillo.com\/index.php?rest_route=\/wp\/v2\/posts\/40240\/revisions"}],"predecessor-version":[{"id":40242,"href":"https:\/\/ciudadtrujillo.com\/index.php?rest_route=\/wp\/v2\/posts\/40240\/revisions\/40242"}],"wp:featuredmedia":[{"embeddable":true,"href":"https:\/\/ciudadtrujillo.com\/index.php?rest_route=\/wp\/v2\/media\/40241"}],"wp:attachment":[{"href":"https:\/\/ciudadtrujillo.com\/index.php?rest_route=%2Fwp%2Fv2%2Fmedia&parent=40240"}],"wp:term":[{"taxonomy":"category","embeddable":true,"href":"https:\/\/ciudadtrujillo.com\/index.php?rest_route=%2Fwp%2Fv2%2Fcategories&post=40240"},{"taxonomy":"post_tag","embeddable":true,"href":"https:\/\/ciudadtrujillo.com\/index.php?rest_route=%2Fwp%2Fv2%2Ftags&post=40240"}],"curies":[{"name":"wp","href":"https:\/\/api.w.org\/{rel}","templated":true}]}}