{"id":40214,"date":"2024-11-12T18:19:28","date_gmt":"2024-11-12T22:19:28","guid":{"rendered":"https:\/\/ciudadtrujillo.com\/?p=40214"},"modified":"2024-11-12T18:19:28","modified_gmt":"2024-11-12T22:19:28","slug":"irak-propone-crear-fondo-arabe-islamico-para-reconstruir-gaza-y-el-libano","status":"publish","type":"post","link":"https:\/\/ciudadtrujillo.com\/?p=40214","title":{"rendered":"Irak propone crear fondo \u00e1rabe-isl\u00e1mico para reconstruir Gaza y el L\u00edbano"},"content":{"rendered":"<p style=\"text-align: justify;\">El primer ministro iraqu\u00ed, Mohamed al Sudani, asisti\u00f3 a la segunda cumbre \u00e1rabe-isl\u00e1mica extraordinaria, organizada por Arabia Saudita, para debatir la continua acci\u00f3n militar israel\u00ed en los territorios palestinos y en el L\u00edbano, as\u00ed como los acontecimientos en la regi\u00f3n. Es por ello que Irak propuso la creaci\u00f3n de un fondo \u00e1rabe-isl\u00e1mico para reconstruir la Franja de Gaza palestina y el L\u00edbano, tras la guerra con Israel.<\/p>\n<p style=\"text-align: justify;\">\u00abIrak presenta de nuevo su propuesta de crear un fondo \u00e1rabe-isl\u00e1mico para reconstruir la Franja de Gaza y el L\u00edbano y contrarrestar la destrucci\u00f3n general para impedir que el agresor haga realidad el objetivo de expulsar a los propietarios de la tierra\u00bb, declar\u00f3 el primer ministro iraqu\u00ed en el referido evento.<\/p>\n<p style=\"text-align: justify;\">En los \u00faltimos meses, Israel escal\u00f3 el conflicto armado, al cruzar a principios de octubre, la llamada L\u00ednea Azul, que sirve de frontera con el L\u00edbano. Desde entonces, ejecuta combates puntuales en el sur del territorio liban\u00e9s con la milicia chi\u00ed Hizbul\u00e1, as\u00ed como ataques a\u00e9reos en distintas zonas del L\u00edbano, que, hasta el 8 de noviembre, hab\u00edan provocado m\u00e1s de tres mil 100 fallecidos y casi 14 mil heridos.<\/p>\n<p style=\"text-align: justify;\">Rusia y otros pa\u00edses instan a Israel y Ham\u00e1s a pactar un alto el fuego y abogan por una soluci\u00f3n de dos Estados, aprobada por la ONU en 1947, como \u00fanica v\u00eda posible para lograr una paz duradera en la regi\u00f3n. Sin embargo, las tropas de Israel bombardean adem\u00e1s zonas de Siria e intercambian disparos de misiles con los rebeldes hut\u00edes que controlan el noroeste de Yemen.<\/p>\n<p>&nbsp;<\/p>\n<p>&nbsp;<\/p>\n<h6>VTV<\/h6>\n","protected":false},"excerpt":{"rendered":"<p>El primer ministro iraqu\u00ed, Mohamed al Sudani, asisti\u00f3 a la segunda cumbre \u00e1rabe-isl\u00e1mica extraordinaria, organizada por Arabia Saudita, para debatir la continua acci\u00f3n militar israel\u00ed en los territorios palestinos y&hellip; <\/p>\n","protected":false},"author":7,"featured_media":40215,"comment_status":"closed","ping_status":"closed","sticky":false,"template":"","format":"standard","meta":{"footnotes":""},"categories":[42],"tags":[],"class_list":["post-40214","post","type-post","status-publish","format-standard","has-post-thumbnail","hentry","category-mundo"],"_links":{"self":[{"href":"https:\/\/ciudadtrujillo.com\/index.php?rest_route=\/wp\/v2\/posts\/40214","targetHints":{"allow":["GET"]}}],"collection":[{"href":"https:\/\/ciudadtrujillo.com\/index.php?rest_route=\/wp\/v2\/posts"}],"about":[{"href":"https:\/\/ciudadtrujillo.com\/index.php?rest_route=\/wp\/v2\/types\/post"}],"author":[{"embeddable":true,"href":"https:\/\/ciudadtrujillo.com\/index.php?rest_route=\/wp\/v2\/users\/7"}],"replies":[{"embeddable":true,"href":"https:\/\/ciudadtrujillo.com\/index.php?rest_route=%2Fwp%2Fv2%2Fcomments&post=40214"}],"version-history":[{"count":1,"href":"https:\/\/ciudadtrujillo.com\/index.php?rest_route=\/wp\/v2\/posts\/40214\/revisions"}],"predecessor-version":[{"id":40216,"href":"https:\/\/ciudadtrujillo.com\/index.php?rest_route=\/wp\/v2\/posts\/40214\/revisions\/40216"}],"wp:featuredmedia":[{"embeddable":true,"href":"https:\/\/ciudadtrujillo.com\/index.php?rest_route=\/wp\/v2\/media\/40215"}],"wp:attachment":[{"href":"https:\/\/ciudadtrujillo.com\/index.php?rest_route=%2Fwp%2Fv2%2Fmedia&parent=40214"}],"wp:term":[{"taxonomy":"category","embeddable":true,"href":"https:\/\/ciudadtrujillo.com\/index.php?rest_route=%2Fwp%2Fv2%2Fcategories&post=40214"},{"taxonomy":"post_tag","embeddable":true,"href":"https:\/\/ciudadtrujillo.com\/index.php?rest_route=%2Fwp%2Fv2%2Ftags&post=40214"}],"curies":[{"name":"wp","href":"https:\/\/api.w.org\/{rel}","templated":true}]}}