{"id":40211,"date":"2024-11-12T17:24:25","date_gmt":"2024-11-12T21:24:25","guid":{"rendered":"https:\/\/ciudadtrujillo.com\/?p=40211"},"modified":"2024-11-12T17:24:25","modified_gmt":"2024-11-12T21:24:25","slug":"presidente-maduro-afirma-que-el-congreso-del-bloque-historico-convertira-el-debate-en-una-nueva-hegemonia","status":"publish","type":"post","link":"https:\/\/ciudadtrujillo.com\/?p=40211","title":{"rendered":"Presidente Maduro afirma que el Congreso del Bloque Hist\u00f3rico convertir\u00e1 el debate en una nueva hegemon\u00eda"},"content":{"rendered":"<p style=\"text-align: justify;\">El presidente de la Rep\u00fablica Bolivariana de Venezuela, Nicol\u00e1s Maduro, record\u00f3 este martes que el Plan de las 7T es la democracia verdadera, la incluyente que empodera al hombre y a la mujer venezolana, es por ello que \u201cLas 5 Generaciones, el Consejo de Vicepresidentes de Gobierno Revolucionario y el Consejo Pol\u00edtico nos asumimos mentores y organizadores del Bloque hist\u00f3rico de la Patria\u00bb que a su juicio convertir\u00e1 el debate en una nueva hegemon\u00eda.<\/p>\n<p style=\"text-align: justify;\">La informaci\u00f3n la dio a conocer a trav\u00e9s de su cuenta de Instagram, en la que public\u00f3 que se han planteado un futuro con el Plan de las 7T, que surgi\u00f3 del debate del pueblo y que asumi\u00f3 con todo el coraz\u00f3n y amor. \u201cEl pr\u00f3ximo jueves 14 de noviembre se instalar\u00e1 el Congreso con todas sus delegaciones, vocer\u00edas y equipos de trabajo\u201d expres\u00f3.<\/p>\n<p style=\"text-align: justify;\">Asimismo, a\u00f1adi\u00f3 \u201cTenemos claro el horizonte con el Plan de las 7T, que ha pasado el cedazo del Poder Popular. Vamos al proceso de s\u00edntesis creativa para cultivar Patria y convertir el debate en una nueva hegemon\u00eda\u201d.<\/p>\n<p style=\"text-align: justify;\">Concluy\u00f3 con la afirmaci\u00f3n de que Venezuela es garant\u00eda de Democracia, paz y vida.<\/p>\n<p>&nbsp;<\/p>\n<p>&nbsp;<\/p>\n<h6>VTV<\/h6>\n","protected":false},"excerpt":{"rendered":"<p>El presidente de la Rep\u00fablica Bolivariana de Venezuela, Nicol\u00e1s Maduro, record\u00f3 este martes que el Plan de las 7T es la democracia verdadera, la incluyente que empodera al hombre y&hellip; <\/p>\n","protected":false},"author":7,"featured_media":40212,"comment_status":"closed","ping_status":"closed","sticky":false,"template":"","format":"standard","meta":{"footnotes":""},"categories":[41],"tags":[],"class_list":["post-40211","post","type-post","status-publish","format-standard","has-post-thumbnail","hentry","category-pais"],"_links":{"self":[{"href":"https:\/\/ciudadtrujillo.com\/index.php?rest_route=\/wp\/v2\/posts\/40211","targetHints":{"allow":["GET"]}}],"collection":[{"href":"https:\/\/ciudadtrujillo.com\/index.php?rest_route=\/wp\/v2\/posts"}],"about":[{"href":"https:\/\/ciudadtrujillo.com\/index.php?rest_route=\/wp\/v2\/types\/post"}],"author":[{"embeddable":true,"href":"https:\/\/ciudadtrujillo.com\/index.php?rest_route=\/wp\/v2\/users\/7"}],"replies":[{"embeddable":true,"href":"https:\/\/ciudadtrujillo.com\/index.php?rest_route=%2Fwp%2Fv2%2Fcomments&post=40211"}],"version-history":[{"count":1,"href":"https:\/\/ciudadtrujillo.com\/index.php?rest_route=\/wp\/v2\/posts\/40211\/revisions"}],"predecessor-version":[{"id":40213,"href":"https:\/\/ciudadtrujillo.com\/index.php?rest_route=\/wp\/v2\/posts\/40211\/revisions\/40213"}],"wp:featuredmedia":[{"embeddable":true,"href":"https:\/\/ciudadtrujillo.com\/index.php?rest_route=\/wp\/v2\/media\/40212"}],"wp:attachment":[{"href":"https:\/\/ciudadtrujillo.com\/index.php?rest_route=%2Fwp%2Fv2%2Fmedia&parent=40211"}],"wp:term":[{"taxonomy":"category","embeddable":true,"href":"https:\/\/ciudadtrujillo.com\/index.php?rest_route=%2Fwp%2Fv2%2Fcategories&post=40211"},{"taxonomy":"post_tag","embeddable":true,"href":"https:\/\/ciudadtrujillo.com\/index.php?rest_route=%2Fwp%2Fv2%2Ftags&post=40211"}],"curies":[{"name":"wp","href":"https:\/\/api.w.org\/{rel}","templated":true}]}}