{"id":40206,"date":"2024-11-11T16:33:06","date_gmt":"2024-11-11T20:33:06","guid":{"rendered":"https:\/\/ciudadtrujillo.com\/?p=40206"},"modified":"2024-11-11T16:33:06","modified_gmt":"2024-11-11T20:33:06","slug":"mas-de-100-pacientes-han-sido-intervenidos-en-el-hupec-con-jornada-quirurgica-oftalmologica","status":"publish","type":"post","link":"https:\/\/ciudadtrujillo.com\/?p=40206","title":{"rendered":"M\u00e1s de 100 pacientes han sido intervenidos en el Hupec con jornada quir\u00fargica oftalmol\u00f3gica"},"content":{"rendered":"<p style=\"text-align: justify;\">En una nueva jornada quir\u00fargica oftalmol\u00f3gica realizada este lunes en el Hospital Universitario Dr. Pedro Emilio Carrillo (Hupec) de Valera, fueron atendidas 44 personas de los 20 municipios de la entidad, para sumar m\u00e1s de 100 pacientes operados por cataratas. Fueron captados especialmente por la Venapp y recibieron la atenci\u00f3n integral pre y post operatoria con un equipo multidisciplinario tanto del personal de salud trujillano como un grupo m\u00e9dico especializado tra\u00eddo del estado Zulia.<\/p>\n<p style=\"text-align: justify;\">La primera combatiente de Trujillo, Reyna P\u00e9rez de M\u00e1rquez, exalt\u00f3 el compromiso del Presidente Nicol\u00e1s Maduro, de la ministra Magaly Guti\u00e9rrez y del gobernador Gerardo M\u00e1rquez para esta jornada totalmente gratuita en la cual fueron atendidos, muchos de ellos, adultos mayores.<\/p>\n<p style=\"text-align: justify;\">Por su parte, la autoridad \u00fanica en Salud de la entidad, Dra. Yadira Pereira, coment\u00f3 que \u00e9sta es la segunda fase de intervenciones. En total se han captado m\u00e1s de 300 casos oftalmol\u00f3gicos, que al recibirlos y evaluarlos, presentaron otras patolog\u00edas distintas como retinopat\u00edas.<\/p>\n<p style=\"text-align: justify;\">A\u00f1adi\u00f3 que las personas atendidas poseen su valoraci\u00f3n cardiovascular y preoperatoria, incluso algunos poseen chequeos por retin\u00f3logos para llevarlos al quir\u00f3fano.<\/p>\n<p>&nbsp;<\/p>\n<p>&nbsp;<\/p>\n<h6>Eliph Catalina Fern\u00e1ndez\/Gr\u00e1ficas: David V\u00e1squez<\/h6>\n","protected":false},"excerpt":{"rendered":"<p>En una nueva jornada quir\u00fargica oftalmol\u00f3gica realizada este lunes en el Hospital Universitario Dr. Pedro Emilio Carrillo (Hupec) de Valera, fueron atendidas 44 personas de los 20 municipios de la&hellip; <\/p>\n","protected":false},"author":7,"featured_media":40207,"comment_status":"closed","ping_status":"closed","sticky":false,"template":"","format":"standard","meta":{"footnotes":""},"categories":[52,40],"tags":[],"class_list":["post-40206","post","type-post","status-publish","format-standard","has-post-thumbnail","hentry","category-destacadas","category-grantrujillo"],"_links":{"self":[{"href":"https:\/\/ciudadtrujillo.com\/index.php?rest_route=\/wp\/v2\/posts\/40206","targetHints":{"allow":["GET"]}}],"collection":[{"href":"https:\/\/ciudadtrujillo.com\/index.php?rest_route=\/wp\/v2\/posts"}],"about":[{"href":"https:\/\/ciudadtrujillo.com\/index.php?rest_route=\/wp\/v2\/types\/post"}],"author":[{"embeddable":true,"href":"https:\/\/ciudadtrujillo.com\/index.php?rest_route=\/wp\/v2\/users\/7"}],"replies":[{"embeddable":true,"href":"https:\/\/ciudadtrujillo.com\/index.php?rest_route=%2Fwp%2Fv2%2Fcomments&post=40206"}],"version-history":[{"count":1,"href":"https:\/\/ciudadtrujillo.com\/index.php?rest_route=\/wp\/v2\/posts\/40206\/revisions"}],"predecessor-version":[{"id":40208,"href":"https:\/\/ciudadtrujillo.com\/index.php?rest_route=\/wp\/v2\/posts\/40206\/revisions\/40208"}],"wp:featuredmedia":[{"embeddable":true,"href":"https:\/\/ciudadtrujillo.com\/index.php?rest_route=\/wp\/v2\/media\/40207"}],"wp:attachment":[{"href":"https:\/\/ciudadtrujillo.com\/index.php?rest_route=%2Fwp%2Fv2%2Fmedia&parent=40206"}],"wp:term":[{"taxonomy":"category","embeddable":true,"href":"https:\/\/ciudadtrujillo.com\/index.php?rest_route=%2Fwp%2Fv2%2Fcategories&post=40206"},{"taxonomy":"post_tag","embeddable":true,"href":"https:\/\/ciudadtrujillo.com\/index.php?rest_route=%2Fwp%2Fv2%2Ftags&post=40206"}],"curies":[{"name":"wp","href":"https:\/\/api.w.org\/{rel}","templated":true}]}}