{"id":40184,"date":"2024-11-11T16:07:57","date_gmt":"2024-11-11T20:07:57","guid":{"rendered":"https:\/\/ciudadtrujillo.com\/?p=40184"},"modified":"2024-11-11T16:07:57","modified_gmt":"2024-11-11T20:07:57","slug":"agencia-meteorologica-de-espana-pronostica-una-posible-nueva-dana","status":"publish","type":"post","link":"https:\/\/ciudadtrujillo.com\/?p=40184","title":{"rendered":"Agencia meteorol\u00f3gica de Espa\u00f1a pronostica una posible nueva Dana"},"content":{"rendered":"<p style=\"text-align: justify;\">La Agencia Estatal de Meteorolog\u00eda (Aemet) pronostic\u00f3 que para esta semana se espera que llegue una posible nueva depresi\u00f3n aislada en niveles altos (Dana) para el este de Espa\u00f1a, con precipitaciones abundantes en Baleares y litorales mediterr\u00e1neos.<\/p>\n<p style=\"text-align: justify;\">Mediante su cuenta en la red social X, el ente inform\u00f3 que \u201chay mucha incertidumbre sobre las zonas donde m\u00e1s llover\u00e1. El martes podr\u00eda ser en Baleares. A partir del mi\u00e9rcoles, lluvias abundantes tambi\u00e9n en el Mediterr\u00e1neo peninsular\u201d.<\/p>\n<p style=\"text-align: justify;\">En una nota informativa, la Aemet detall\u00f3 que se estima que una masa de aire fr\u00edo se desplace desde el norte de Europa hacia el suroeste en los pr\u00f3ximos d\u00edas y produciendo un descenso generalizado de las temperaturas.<\/p>\n<p style=\"text-align: justify;\">Agreg\u00f3 que es posible que acabe aisl\u00e1ndose como una Dana o \u201cuna borrasca fr\u00eda en el entorno del Mediterr\u00e1neo o el sur peninsular a partir del mi\u00e9rcoles 13, permaneciendo en nuestro entorno hasta el s\u00e1bado 16\u201d.<\/p>\n<p>&nbsp;<\/p>\n<p>&nbsp;<\/p>\n<h6>\u00daltimas Noticias<\/h6>\n","protected":false},"excerpt":{"rendered":"<p>La Agencia Estatal de Meteorolog\u00eda (Aemet) pronostic\u00f3 que para esta semana se espera que llegue una posible nueva depresi\u00f3n aislada en niveles altos (Dana) para el este de Espa\u00f1a, con&hellip; <\/p>\n","protected":false},"author":7,"featured_media":40185,"comment_status":"closed","ping_status":"closed","sticky":false,"template":"","format":"standard","meta":{"footnotes":""},"categories":[42],"tags":[],"class_list":["post-40184","post","type-post","status-publish","format-standard","has-post-thumbnail","hentry","category-mundo"],"_links":{"self":[{"href":"https:\/\/ciudadtrujillo.com\/index.php?rest_route=\/wp\/v2\/posts\/40184","targetHints":{"allow":["GET"]}}],"collection":[{"href":"https:\/\/ciudadtrujillo.com\/index.php?rest_route=\/wp\/v2\/posts"}],"about":[{"href":"https:\/\/ciudadtrujillo.com\/index.php?rest_route=\/wp\/v2\/types\/post"}],"author":[{"embeddable":true,"href":"https:\/\/ciudadtrujillo.com\/index.php?rest_route=\/wp\/v2\/users\/7"}],"replies":[{"embeddable":true,"href":"https:\/\/ciudadtrujillo.com\/index.php?rest_route=%2Fwp%2Fv2%2Fcomments&post=40184"}],"version-history":[{"count":1,"href":"https:\/\/ciudadtrujillo.com\/index.php?rest_route=\/wp\/v2\/posts\/40184\/revisions"}],"predecessor-version":[{"id":40186,"href":"https:\/\/ciudadtrujillo.com\/index.php?rest_route=\/wp\/v2\/posts\/40184\/revisions\/40186"}],"wp:featuredmedia":[{"embeddable":true,"href":"https:\/\/ciudadtrujillo.com\/index.php?rest_route=\/wp\/v2\/media\/40185"}],"wp:attachment":[{"href":"https:\/\/ciudadtrujillo.com\/index.php?rest_route=%2Fwp%2Fv2%2Fmedia&parent=40184"}],"wp:term":[{"taxonomy":"category","embeddable":true,"href":"https:\/\/ciudadtrujillo.com\/index.php?rest_route=%2Fwp%2Fv2%2Fcategories&post=40184"},{"taxonomy":"post_tag","embeddable":true,"href":"https:\/\/ciudadtrujillo.com\/index.php?rest_route=%2Fwp%2Fv2%2Ftags&post=40184"}],"curies":[{"name":"wp","href":"https:\/\/api.w.org\/{rel}","templated":true}]}}