{"id":40181,"date":"2024-11-11T16:02:18","date_gmt":"2024-11-11T20:02:18","guid":{"rendered":"https:\/\/ciudadtrujillo.com\/?p=40181"},"modified":"2024-11-11T16:02:18","modified_gmt":"2024-11-11T20:02:18","slug":"jefe-de-estado-venezuela-crece-hacia-una-economia-invulnerable-a-sanciones","status":"publish","type":"post","link":"https:\/\/ciudadtrujillo.com\/?p=40181","title":{"rendered":"Jefe de Estado: Venezuela crece hacia una econom\u00eda invulnerable a sanciones"},"content":{"rendered":"<p style=\"text-align: justify;\">El presidente de la Rep\u00fablica Bolivariana de Venezuela, Nicol\u00e1s Maduro Moros afirm\u00f3 que \u00abm\u00e1s all\u00e1 de las riquezas de Venezuela, que est\u00e1n en el ojo del hurac\u00e1n y vuelven locos a los imperios, nuestra mente est\u00e1 puesta en el crecimiento de una econom\u00eda productiva, no dependiente e invulnerable a las sanciones\u00bb.<\/p>\n<p>En un video publicado en su canal de Telegram, el mandatario nacional asever\u00f3 que la naci\u00f3n trabaja en tener una econom\u00eda \u00abno petrolera, no dependiente\u00bb que desaf\u00eda los retos que se le impongan ante \u00abcualquier circunstancias que nos toque vivir de aqu\u00ed en adelante\u00bb. En ese sentido, acot\u00f3 que, \u00abjuntos con esfuerzos propios\u00bb se puede pasar ser de un pa\u00eds petrolero, a un pa\u00eds productivo y un pa\u00eds potencia.<\/p>\n<p>El jefe de Estado, destac\u00f3 que aunque la naci\u00f3n tenga \u00abla cuarta reserva de gas del mundo ya certific\u00e1ndose\u00bb y \u00abcuente con la primera o la segunda reserva de oro en el mundo\u00bb, la econom\u00eda venezolana, al finalizar el a\u00f1o 2024, superar\u00e1 el 10 por ciento de crecimiento del Producto Interno Bruto (PIB) de la econom\u00eda real\u00bb.<\/p>\n<p>\u00abVenezuela cuenta con un sistema de crecimiento econ\u00f3mico indetenible, en el que est\u00e1n incorporados todos los actores relevantes: la clase obrera, los empresarios y los emprendedores, as\u00ed como todos los factores relacionados con la actividad econ\u00f3mica\u00bb, manifest\u00f3 durante su programa televisivo Con Maduro+, el pasado lunes 04 de noviembre, del presente a\u00f1o.<\/p>\n<p>&nbsp;<\/p>\n<h6>VTV<\/h6>\n","protected":false},"excerpt":{"rendered":"<p>El presidente de la Rep\u00fablica Bolivariana de Venezuela, Nicol\u00e1s Maduro Moros afirm\u00f3 que \u00abm\u00e1s all\u00e1 de las riquezas de Venezuela, que est\u00e1n en el ojo del hurac\u00e1n y vuelven locos&hellip; <\/p>\n","protected":false},"author":7,"featured_media":40182,"comment_status":"closed","ping_status":"closed","sticky":false,"template":"","format":"standard","meta":{"footnotes":""},"categories":[41],"tags":[],"class_list":["post-40181","post","type-post","status-publish","format-standard","has-post-thumbnail","hentry","category-pais"],"_links":{"self":[{"href":"https:\/\/ciudadtrujillo.com\/index.php?rest_route=\/wp\/v2\/posts\/40181","targetHints":{"allow":["GET"]}}],"collection":[{"href":"https:\/\/ciudadtrujillo.com\/index.php?rest_route=\/wp\/v2\/posts"}],"about":[{"href":"https:\/\/ciudadtrujillo.com\/index.php?rest_route=\/wp\/v2\/types\/post"}],"author":[{"embeddable":true,"href":"https:\/\/ciudadtrujillo.com\/index.php?rest_route=\/wp\/v2\/users\/7"}],"replies":[{"embeddable":true,"href":"https:\/\/ciudadtrujillo.com\/index.php?rest_route=%2Fwp%2Fv2%2Fcomments&post=40181"}],"version-history":[{"count":1,"href":"https:\/\/ciudadtrujillo.com\/index.php?rest_route=\/wp\/v2\/posts\/40181\/revisions"}],"predecessor-version":[{"id":40183,"href":"https:\/\/ciudadtrujillo.com\/index.php?rest_route=\/wp\/v2\/posts\/40181\/revisions\/40183"}],"wp:featuredmedia":[{"embeddable":true,"href":"https:\/\/ciudadtrujillo.com\/index.php?rest_route=\/wp\/v2\/media\/40182"}],"wp:attachment":[{"href":"https:\/\/ciudadtrujillo.com\/index.php?rest_route=%2Fwp%2Fv2%2Fmedia&parent=40181"}],"wp:term":[{"taxonomy":"category","embeddable":true,"href":"https:\/\/ciudadtrujillo.com\/index.php?rest_route=%2Fwp%2Fv2%2Fcategories&post=40181"},{"taxonomy":"post_tag","embeddable":true,"href":"https:\/\/ciudadtrujillo.com\/index.php?rest_route=%2Fwp%2Fv2%2Ftags&post=40181"}],"curies":[{"name":"wp","href":"https:\/\/api.w.org\/{rel}","templated":true}]}}