{"id":40082,"date":"2024-11-06T15:13:08","date_gmt":"2024-11-06T19:13:08","guid":{"rendered":"https:\/\/ciudadtrujillo.com\/?p=40082"},"modified":"2024-11-06T15:13:08","modified_gmt":"2024-11-06T19:13:08","slug":"mantienen-busqueda-de-desaparecidos-tras-paso-de-la-dana-en-espana","status":"publish","type":"post","link":"https:\/\/ciudadtrujillo.com\/?p=40082","title":{"rendered":"Mantienen b\u00fasqueda de desaparecidos tras paso de la DANA en Espa\u00f1a"},"content":{"rendered":"<p style=\"text-align: justify;\">Los reportes locales m\u00e1s recientes de este mi\u00e9rcoles 6 de noviembre se\u00f1alan que las autoridades mantienen la b\u00fasqueda de personas desaparecidas tras el paso de la DANA, el pasado 29 de octubre, en la provincia de Valencia.<\/p>\n<p style=\"text-align: justify;\">En este sentido, se conoci\u00f3 que el Servicio Mar\u00edtimo de la Guardia Civil est\u00e1 llevando a cabo una b\u00fasqueda \u201cpor mar, tierra y aire\u201d para localizar a los desaparecidos.<\/p>\n<p style=\"text-align: justify;\">Hasta el momento, el balance provisional de v\u00edctimas mortales es de 211 en la provincia de Valencia, cinco en Castilla-La Mancha, cuatro en Letur (Albacete), uno en Mira (Cuenca) y uno en la comunidad de Andaluc\u00eda.<\/p>\n<p style=\"text-align: justify;\">La Guardia Civil abri\u00f3 en la localidad valenciana de Albal una nueva oficina de denuncias de desaparecidos.<\/p>\n<p style=\"text-align: justify;\">La tragedia ha hecho que muchos voluntarios y vecinos de las localidades aleda\u00f1as hagan llegar su ayuda. En este caso, la asociaci\u00f3n de j\u00f3venes empresarios, junto al resto de Asociaciones de J\u00f3venes Empresarios de Espa\u00f1a, enviaron a las zonas afectadas 50 servicios de maquinaria pesada.<\/p>\n<p style=\"text-align: justify;\">Por otra parte, se conoci\u00f3 que el l\u00edder de Vox, Santiago Abascal, anunci\u00f3 que su partido presentar\u00e1 una querella criminal contra el presidente del Gobierno, Pedro S\u00e1nchez, y otros miembros de su gabinete por delitos de homicidio imprudente y omisi\u00f3n del deber de socorro tras el paso de la DANA en varias zonas.<\/p>\n<p style=\"text-align: justify;\">El domingo, S\u00e1nchez, los reyes de Espa\u00f1a y el presidente de la Generalitat Valenciana, Carlos Maz\u00f3n, fueron recibidos en Paiporta, Valencia, una de las zonas m\u00e1s afectadas, con barro, insultos y objetos por parte de la ciudadan\u00eda que manifest\u00f3 su indignaci\u00f3n debido al accionar de las autoridades y la falta de ayuda oficial durante la emergencia.<\/p>\n<p>&nbsp;<\/p>\n<p>&nbsp;<\/p>\n<h6>\u00daltimas Noticias<\/h6>\n","protected":false},"excerpt":{"rendered":"<p>Los reportes locales m\u00e1s recientes de este mi\u00e9rcoles 6 de noviembre se\u00f1alan que las autoridades mantienen la b\u00fasqueda de personas desaparecidas tras el paso de la DANA, el pasado 29&hellip; <\/p>\n","protected":false},"author":7,"featured_media":40083,"comment_status":"closed","ping_status":"closed","sticky":false,"template":"","format":"standard","meta":{"footnotes":""},"categories":[42],"tags":[],"class_list":["post-40082","post","type-post","status-publish","format-standard","has-post-thumbnail","hentry","category-mundo"],"_links":{"self":[{"href":"https:\/\/ciudadtrujillo.com\/index.php?rest_route=\/wp\/v2\/posts\/40082","targetHints":{"allow":["GET"]}}],"collection":[{"href":"https:\/\/ciudadtrujillo.com\/index.php?rest_route=\/wp\/v2\/posts"}],"about":[{"href":"https:\/\/ciudadtrujillo.com\/index.php?rest_route=\/wp\/v2\/types\/post"}],"author":[{"embeddable":true,"href":"https:\/\/ciudadtrujillo.com\/index.php?rest_route=\/wp\/v2\/users\/7"}],"replies":[{"embeddable":true,"href":"https:\/\/ciudadtrujillo.com\/index.php?rest_route=%2Fwp%2Fv2%2Fcomments&post=40082"}],"version-history":[{"count":1,"href":"https:\/\/ciudadtrujillo.com\/index.php?rest_route=\/wp\/v2\/posts\/40082\/revisions"}],"predecessor-version":[{"id":40084,"href":"https:\/\/ciudadtrujillo.com\/index.php?rest_route=\/wp\/v2\/posts\/40082\/revisions\/40084"}],"wp:featuredmedia":[{"embeddable":true,"href":"https:\/\/ciudadtrujillo.com\/index.php?rest_route=\/wp\/v2\/media\/40083"}],"wp:attachment":[{"href":"https:\/\/ciudadtrujillo.com\/index.php?rest_route=%2Fwp%2Fv2%2Fmedia&parent=40082"}],"wp:term":[{"taxonomy":"category","embeddable":true,"href":"https:\/\/ciudadtrujillo.com\/index.php?rest_route=%2Fwp%2Fv2%2Fcategories&post=40082"},{"taxonomy":"post_tag","embeddable":true,"href":"https:\/\/ciudadtrujillo.com\/index.php?rest_route=%2Fwp%2Fv2%2Ftags&post=40082"}],"curies":[{"name":"wp","href":"https:\/\/api.w.org\/{rel}","templated":true}]}}