{"id":40059,"date":"2024-11-05T20:14:50","date_gmt":"2024-11-06T00:14:50","guid":{"rendered":"https:\/\/ciudadtrujillo.com\/?p=40059"},"modified":"2024-11-05T20:14:50","modified_gmt":"2024-11-06T00:14:50","slug":"abanderados-36-atletas-para-los-vi-juegos-panamericanos-de-sordos-brasil-2024","status":"publish","type":"post","link":"https:\/\/ciudadtrujillo.com\/?p=40059","title":{"rendered":"Abanderados 36 atletas para los VI Juegos Panamericanos de Sordos Brasil 2024"},"content":{"rendered":"<p style=\"text-align: justify;\">La vicepresidenta Ejecutiva de la Rep\u00fablica, Delcy Rodr\u00edguez, realiz\u00f3 el abanderamiento de los 36 atletas que participaran en los VI juegos Panamericanos de Sordos Brasil 2024 y representar\u00e1n al pa\u00eds en en ocho disciplinas, en los espacios de la Universidad Luterana de Canoas, desde el 10 al 17 de diciembre del presente a\u00f1o.<\/p>\n<p style=\"text-align: justify;\">\u00abHoy \u200bles hago entrega de esta bandera sagrada\u200b, de la mano de nuestro\u200bs libertadores\u200b que nos entregaron un pa\u00eds libre e independiente\u200b\u00bb, expres\u00f3 Rodr\u00edguez, quien, al momento de abanderar \u200ba Yuriany kari\u00f1o \u200bde Taekwondo y F\u00e9lix \u200bPerdomo de \u200bb\u00e1squetbol\u200b, resalt\u00f3: \u00ab\u200bQuiero que esta bandera sea un faro\u200b para la juventud venezolana en estos \u200bJuegos\u200b Panamericanos y ustedes como atletas paral\u00edmpicos traigan la victoria\u200b\u00bb.<\/p>\n<p style=\"text-align: justify;\">Afirm\u00f3, que\u200b los atletas \u200b tienen una discapacidad\u200b pero \u200b\u00bbciento\u200bs de capacidades y un amor infinito por Venezuela\u200b\u00bb\u200b que puede ser traducida \u200b en el orgullo \u200bque el pueblo venezolano va a sentir\u200b cuando \u00ab\u200blleven esta bandera muy en alto con la voluntad de Francisco de Miranda, de Sim\u00f3n Bol\u00edvar, con sus ocho estrellas brillando por la Venezuela del futuro\u200b\u00bb.<\/p>\n<p style=\"text-align: justify;\">\u200bAsimismo , recalc\u00f3 que esta delegaci\u00f3n de atletas son la \u200b\u00bb\u200bGeneraci\u00f3n de \u200bOro de hoy\u200b y la \u200bVenezuela de\u200bl futuro\u200b, y vamos a vencer en los juegos paral\u00edmpicos\u200b, convirtiendo el deporte en un espacio de \u200bencuentro de la hermandad y de la fraternidad de los pueblos\u00bb. Por su parte, ministro del Poder Popular para el Deporte,\u200b Arnaldo S\u00e1nchez, destac\u00f3 que \u200b\u00bbellos van con el alma y con el coraz\u00f3n a defender a Venezuela y sobre todo a demostrar que juntos somos m\u200b\u00e1s y que juntos podemos siempre vencer\u00bb\u200b.<\/p>\n<p style=\"text-align: justify;\">Este a\u00f1o, Venezuela estar\u00e1 presente en ajedrez, atletismo, baloncesto 3\u00d73 masculino, f\u00fatbol sala, k\u00e1rate, nataci\u00f3n, taekwondo y tenis de mesa. Anteriormente, la delegaci\u00f3n se hab\u00eda consagrado campeona en tres ediciones de los Panamericanos de sordos, empezando con Buenos Aires 2003, Valencia 2007. Adem\u00e1s de la \u00faltima edici\u00f3n de 2012 en Santos, Brasil.<\/p>\n<p style=\"text-align: justify;\">Cabe destacar que,desde su primera participaci\u00f3n en estos juegos, el a\u00f1o 1975, la naci\u00f3n Bolivariana ha logrado acumular un total de 52 preseas de oro, 86 medallas de plata y 47 medallas de bronce.<\/p>\n<p>&nbsp;<\/p>\n<p>&nbsp;<\/p>\n<h6>\u00a0VTV<\/h6>\n","protected":false},"excerpt":{"rendered":"<p>La vicepresidenta Ejecutiva de la Rep\u00fablica, Delcy Rodr\u00edguez, realiz\u00f3 el abanderamiento de los 36 atletas que participaran en los VI juegos Panamericanos de Sordos Brasil 2024 y representar\u00e1n al pa\u00eds&hellip; <\/p>\n","protected":false},"author":7,"featured_media":40060,"comment_status":"closed","ping_status":"closed","sticky":false,"template":"","format":"standard","meta":{"footnotes":""},"categories":[44],"tags":[],"class_list":["post-40059","post","type-post","status-publish","format-standard","has-post-thumbnail","hentry","category-deportes"],"_links":{"self":[{"href":"https:\/\/ciudadtrujillo.com\/index.php?rest_route=\/wp\/v2\/posts\/40059","targetHints":{"allow":["GET"]}}],"collection":[{"href":"https:\/\/ciudadtrujillo.com\/index.php?rest_route=\/wp\/v2\/posts"}],"about":[{"href":"https:\/\/ciudadtrujillo.com\/index.php?rest_route=\/wp\/v2\/types\/post"}],"author":[{"embeddable":true,"href":"https:\/\/ciudadtrujillo.com\/index.php?rest_route=\/wp\/v2\/users\/7"}],"replies":[{"embeddable":true,"href":"https:\/\/ciudadtrujillo.com\/index.php?rest_route=%2Fwp%2Fv2%2Fcomments&post=40059"}],"version-history":[{"count":1,"href":"https:\/\/ciudadtrujillo.com\/index.php?rest_route=\/wp\/v2\/posts\/40059\/revisions"}],"predecessor-version":[{"id":40061,"href":"https:\/\/ciudadtrujillo.com\/index.php?rest_route=\/wp\/v2\/posts\/40059\/revisions\/40061"}],"wp:featuredmedia":[{"embeddable":true,"href":"https:\/\/ciudadtrujillo.com\/index.php?rest_route=\/wp\/v2\/media\/40060"}],"wp:attachment":[{"href":"https:\/\/ciudadtrujillo.com\/index.php?rest_route=%2Fwp%2Fv2%2Fmedia&parent=40059"}],"wp:term":[{"taxonomy":"category","embeddable":true,"href":"https:\/\/ciudadtrujillo.com\/index.php?rest_route=%2Fwp%2Fv2%2Fcategories&post=40059"},{"taxonomy":"post_tag","embeddable":true,"href":"https:\/\/ciudadtrujillo.com\/index.php?rest_route=%2Fwp%2Fv2%2Ftags&post=40059"}],"curies":[{"name":"wp","href":"https:\/\/api.w.org\/{rel}","templated":true}]}}