{"id":40056,"date":"2024-11-05T20:12:58","date_gmt":"2024-11-06T00:12:58","guid":{"rendered":"https:\/\/ciudadtrujillo.com\/?p=40056"},"modified":"2024-11-05T20:12:58","modified_gmt":"2024-11-06T00:12:58","slug":"nicaragua-ratifica-en-la-onu-solidaridad-con-palestina","status":"publish","type":"post","link":"https:\/\/ciudadtrujillo.com\/?p=40056","title":{"rendered":"Nicaragua ratifica en la ONU solidaridad con Palestina"},"content":{"rendered":"<p style=\"text-align: justify;\">La misi\u00f3n de Nicaragua ante la Organizaci\u00f3n de Naciones Unidas (ONU) ratific\u00f3 su posici\u00f3n hist\u00f3rica de solidaridad con el pueblo y el Gobierno de Palestina, a prop\u00f3sito de la implementaci\u00f3n de la resoluci\u00f3n ES-10\/24 de la Asamblea General, que fue adoptada el pasado 18 de septiembre. Por medio de una misiva enviada desde el Ministerio de Relaciones Exteriores, la naci\u00f3n centroamericana reafirma su compromiso con el Estado de Derecho en el escenario internacional.<\/p>\n<p style=\"text-align: justify;\">Asimismo, el Gobierno de Nicaragua subraya que \u201cha desempe\u00f1ado un papel activo y constructivo, especialmente, en momentos cr\u00edticos de la historia para el Pueblo Palestino en su inquebrantable voluntad por ejercer sus Derechos Inalienables a la Autodeterminaci\u00f3n y Soberan\u00eda, su derecho a la Materializaci\u00f3n del Estado Palestino, Libre e Independiente, conforme las fronteras de 1967 y con su Capital en Jerusal\u00e9n Oriental\u201d.<\/p>\n<p style=\"text-align: justify;\">Sobre el tema, el documento recuerda que en Enero de 2024, el Gobierno de Nicaragua, como Estado Parte de la Convenci\u00f3n contra el Genocidio, present\u00f3 ante la Corte Internacional de Justicia (CIJ), una solicitud para participar en el caso iniciado por Sud\u00e1frica contra Israel, amparado bajo el Art\u00edculo 62 del estatuto de dicha instancia.<\/p>\n<p style=\"text-align: justify;\">Un mes despu\u00e9s, Nicaragua responsabiliz\u00f3 a los gobiernos del Reino Unido, Alemania, Pa\u00edses Bajos y Canad\u00e1, por violaciones flagrantes y sistem\u00e1ticas en los Territorios Palestinos Ocupados, particularmente en la Franja de Gaza; mientras, en marzo el pa\u00eds demand\u00f3 a Alemania ante la CIJ por violaciones a la Convenci\u00f3n para la Prevenci\u00f3n y la Sanci\u00f3n del Delito de Genocidio, los Convenios de Ginebra de 1949 y sus Protocolos Adicionales.<\/p>\n<p style=\"text-align: justify;\">\u201cNicaragua en su solicitud al alto tribunal, hizo fundamentalmente dos peticiones, la primera que Alemania suspendiera su apoyo militar a Israel y la segunda que renovara su apoyo financiero a la Agencia de Obras P\u00fablicas y Socorro de las Naciones Unidas para los Refugiados de Palestina en el Cercano Oriente (UNRWA)\u201d, destaca el texto.<\/p>\n<p style=\"text-align: justify;\">El Gobierno de Nicaragua insiste en que se toman todas las acciones legales para detener el genocidio en Palestina y reafirma que \u201cning\u00fan Estado puede darse por no enterado de sus obligaciones con respecto al riesgo de genocidio en Gaza y otras violaciones de Derecho Internacional\u201d.<\/p>\n<p>&nbsp;<\/p>\n<p>&nbsp;<\/p>\n<h6>VTV<\/h6>\n","protected":false},"excerpt":{"rendered":"<p>La misi\u00f3n de Nicaragua ante la Organizaci\u00f3n de Naciones Unidas (ONU) ratific\u00f3 su posici\u00f3n hist\u00f3rica de solidaridad con el pueblo y el Gobierno de Palestina, a prop\u00f3sito de la implementaci\u00f3n&hellip; <\/p>\n","protected":false},"author":7,"featured_media":40057,"comment_status":"closed","ping_status":"closed","sticky":false,"template":"","format":"standard","meta":{"footnotes":""},"categories":[42],"tags":[],"class_list":["post-40056","post","type-post","status-publish","format-standard","has-post-thumbnail","hentry","category-mundo"],"_links":{"self":[{"href":"https:\/\/ciudadtrujillo.com\/index.php?rest_route=\/wp\/v2\/posts\/40056","targetHints":{"allow":["GET"]}}],"collection":[{"href":"https:\/\/ciudadtrujillo.com\/index.php?rest_route=\/wp\/v2\/posts"}],"about":[{"href":"https:\/\/ciudadtrujillo.com\/index.php?rest_route=\/wp\/v2\/types\/post"}],"author":[{"embeddable":true,"href":"https:\/\/ciudadtrujillo.com\/index.php?rest_route=\/wp\/v2\/users\/7"}],"replies":[{"embeddable":true,"href":"https:\/\/ciudadtrujillo.com\/index.php?rest_route=%2Fwp%2Fv2%2Fcomments&post=40056"}],"version-history":[{"count":1,"href":"https:\/\/ciudadtrujillo.com\/index.php?rest_route=\/wp\/v2\/posts\/40056\/revisions"}],"predecessor-version":[{"id":40058,"href":"https:\/\/ciudadtrujillo.com\/index.php?rest_route=\/wp\/v2\/posts\/40056\/revisions\/40058"}],"wp:featuredmedia":[{"embeddable":true,"href":"https:\/\/ciudadtrujillo.com\/index.php?rest_route=\/wp\/v2\/media\/40057"}],"wp:attachment":[{"href":"https:\/\/ciudadtrujillo.com\/index.php?rest_route=%2Fwp%2Fv2%2Fmedia&parent=40056"}],"wp:term":[{"taxonomy":"category","embeddable":true,"href":"https:\/\/ciudadtrujillo.com\/index.php?rest_route=%2Fwp%2Fv2%2Fcategories&post=40056"},{"taxonomy":"post_tag","embeddable":true,"href":"https:\/\/ciudadtrujillo.com\/index.php?rest_route=%2Fwp%2Fv2%2Ftags&post=40056"}],"curies":[{"name":"wp","href":"https:\/\/api.w.org\/{rel}","templated":true}]}}