{"id":40053,"date":"2024-11-05T20:09:38","date_gmt":"2024-11-06T00:09:38","guid":{"rendered":"https:\/\/ciudadtrujillo.com\/?p=40053"},"modified":"2024-11-05T20:09:38","modified_gmt":"2024-11-06T00:09:38","slug":"vicepresidenta-delcy-rodriguez-detras-del-bloqueo-a-paises-hay-una-politica-para-apoderarse-de-sus-recursos","status":"publish","type":"post","link":"https:\/\/ciudadtrujillo.com\/?p=40053","title":{"rendered":"Vicepresidenta Delcy Rodr\u00edguez: Detr\u00e1s del bloqueo a pa\u00edses hay una pol\u00edtica para apoderarse de sus recursos"},"content":{"rendered":"<p style=\"text-align: justify;\">M\u00e1s de 30 pa\u00edses del mundo son v\u00edctimas, actualmente, de 37.433 Medidas Coercitivas Unilaterales impuestas por el imperialismo y sus aliados para afectar a esos pueblos y vulnerar sus derechos humanos, denunci\u00f3 la vicepresidenta ejecutiva de la Rep\u00fablica, Delcy Rodr\u00edguez.<\/p>\n<p style=\"text-align: justify;\">\u201cEsa es una pol\u00edtica de exterminio. M\u00e1s de 30 pa\u00edses il\u00edcitamente sancionados, pero el 91 % de \u00e9stos son productores de energ\u00eda y all\u00ed est\u00e1n concentradas las reservas energ\u00e9ticas m\u00e1s grandes del planeta. Detras de estos bloqueos hay una pol\u00edtica muy clara para apoderarse de los recurso de los productores de energ\u00eda del planeta\u201d, resalt\u00f3 Rodr\u00edguez durante su participaci\u00f3n en Foro Parlamentario Mundial Antifascista que se desarrolla en Caracas.<\/p>\n<p style=\"text-align: justify;\">En este sentido, resalt\u00f3 que estos pa\u00edses que aplican \u201cpol\u00edticas hegem\u00f3nicas imperialistas\u201d desean apoderarse de la energ\u00eda mundial para usarla en la guerra. \u201cNo es que necesitan la energ\u00eda como lo concibe el nuevo mundo. No es la energ\u00eda para el desarrollo de los pueblos, para la construcci\u00f3n de un futuro que permita dar felicidad a los pueblos, es la energ\u00eda para la guerra, para la destrucci\u00f3n, para el aniquilamiento, para la violencia\u201d, enfatiz\u00f3.<\/p>\n<p style=\"text-align: justify;\">De igual manera, denunci\u00f3 que para apoyar estas acciones, los medios de comunicaci\u00f3n y sus grandes maquinarias han tenido una transformaci\u00f3n tecnol\u00f3gica, a trav\u00e9s de la cual imponen algoritmos en redes sociales que privilegian la muerte, el odio, la violencia y la guerra.<\/p>\n<p style=\"text-align: justify;\">\u201cEs una pol\u00edtica global concebida desde el hegemonismo del norte global contra el sur global\u201d, se\u00f1al\u00f3, al tiempo que enfatiz\u00f3 que las naciones que conforman el sur global son mayor\u00eda y luchan contra estos pa\u00edses que se imponen a la fuerza, a trav\u00e9s de la guerra, de la violaci\u00f3n a los Derechos Humanos.<\/p>\n<h3 style=\"text-align: justify;\">Nueva reconfiguraci\u00f3n geopol\u00edtica<\/h3>\n<p style=\"text-align: justify;\">Asimismo, la tambi\u00e9n ministra de Petr\u00f3leo, asever\u00f3 que en el mundo, actualmente, se est\u00e1 desarrollando una nueva reconfiguraci\u00f3n geopol\u00edtica para la construcci\u00f3n de una nueva morfolog\u00eda econ\u00f3mica internacional distinta a la hegemon\u00eda del d\u00f3lar.<\/p>\n<p style=\"text-align: justify;\">\u201cLa hegemon\u00eda del d\u00f3lar ha permitido que los bloqueos econ\u00f3micos criminales se impongan de manera autom\u00e1tica, inmediata, con s\u00f3lo pulsar una tecla\u201d, se\u00f1al\u00f3 al tiempo que llam\u00f3 la atenci\u00f3n sobre el surgimiento de movimientos fascistas como respuesta a la crisis del modelo capitalista.<\/p>\n<h3 style=\"text-align: justify;\">Lucha por la causa Palestina<\/h3>\n<p style=\"text-align: justify;\">Asimismo, durante su participaci\u00f3n en el foro que se desarrolla en el Centro de Convenciones del Parque Bol\u00edvar ubicado en La Carlota, estado Miranda, la vicepresidente de la Rep\u00fablica record\u00f3 la deuda que mantiene la Organizaci\u00f3n de las Naciones Unidas (ONU) con la causa palestina.<\/p>\n<p style=\"text-align: justify;\">\u201cLa ONU naci\u00f3 con un germen y una causa pendiente, que es la causa palestina. Con el transcurrir de las d\u00e9cadas hemos visto, m\u00e1s bien, una organizaci\u00f3n que se marchita. Como lo dijo el Presidente Maduro: \u00abCada bomba que cae sobre Gaza es una bomba que cae sobre el sistema de las Naciones Unidas y su incapacidad para defender las naciones\u201d, recalc\u00f3.<\/p>\n<p style=\"text-align: justify;\">De igual manera, aplaudi\u00f3 la valent\u00eda del pueblo palestino que se mantiene en resistencia ante el genocidio que comete el sionismo israel\u00ed en la Franja de Gaza. \u201cEstamos presenciando, por un lado una pol\u00edtica de exterminio, planificada, concebida. Por la otra parte estamos viendo a un pueblo noble, her\u00f3ico, que no se arrodilla, que se mantiene en pie, en lucha\u201d, enfatiz\u00f3.<\/p>\n<p>&nbsp;<\/p>\n<p>&nbsp;<\/p>\n<h6>\u00daltimas Noticias<\/h6>\n","protected":false},"excerpt":{"rendered":"<p>M\u00e1s de 30 pa\u00edses del mundo son v\u00edctimas, actualmente, de 37.433 Medidas Coercitivas Unilaterales impuestas por el imperialismo y sus aliados para afectar a esos pueblos y vulnerar sus derechos&hellip; <\/p>\n","protected":false},"author":7,"featured_media":40054,"comment_status":"closed","ping_status":"closed","sticky":false,"template":"","format":"standard","meta":{"footnotes":""},"categories":[41],"tags":[],"class_list":["post-40053","post","type-post","status-publish","format-standard","has-post-thumbnail","hentry","category-pais"],"_links":{"self":[{"href":"https:\/\/ciudadtrujillo.com\/index.php?rest_route=\/wp\/v2\/posts\/40053","targetHints":{"allow":["GET"]}}],"collection":[{"href":"https:\/\/ciudadtrujillo.com\/index.php?rest_route=\/wp\/v2\/posts"}],"about":[{"href":"https:\/\/ciudadtrujillo.com\/index.php?rest_route=\/wp\/v2\/types\/post"}],"author":[{"embeddable":true,"href":"https:\/\/ciudadtrujillo.com\/index.php?rest_route=\/wp\/v2\/users\/7"}],"replies":[{"embeddable":true,"href":"https:\/\/ciudadtrujillo.com\/index.php?rest_route=%2Fwp%2Fv2%2Fcomments&post=40053"}],"version-history":[{"count":1,"href":"https:\/\/ciudadtrujillo.com\/index.php?rest_route=\/wp\/v2\/posts\/40053\/revisions"}],"predecessor-version":[{"id":40055,"href":"https:\/\/ciudadtrujillo.com\/index.php?rest_route=\/wp\/v2\/posts\/40053\/revisions\/40055"}],"wp:featuredmedia":[{"embeddable":true,"href":"https:\/\/ciudadtrujillo.com\/index.php?rest_route=\/wp\/v2\/media\/40054"}],"wp:attachment":[{"href":"https:\/\/ciudadtrujillo.com\/index.php?rest_route=%2Fwp%2Fv2%2Fmedia&parent=40053"}],"wp:term":[{"taxonomy":"category","embeddable":true,"href":"https:\/\/ciudadtrujillo.com\/index.php?rest_route=%2Fwp%2Fv2%2Fcategories&post=40053"},{"taxonomy":"post_tag","embeddable":true,"href":"https:\/\/ciudadtrujillo.com\/index.php?rest_route=%2Fwp%2Fv2%2Ftags&post=40053"}],"curies":[{"name":"wp","href":"https:\/\/api.w.org\/{rel}","templated":true}]}}