{"id":40026,"date":"2024-11-04T18:57:56","date_gmt":"2024-11-04T22:57:56","guid":{"rendered":"https:\/\/ciudadtrujillo.com\/?p=40026"},"modified":"2024-11-04T18:57:56","modified_gmt":"2024-11-04T22:57:56","slug":"lara-sera-sede-del-campeonato-sudamericano-baloncesto-femenino-u-15","status":"publish","type":"post","link":"https:\/\/ciudadtrujillo.com\/?p=40026","title":{"rendered":"Lara ser\u00e1 sede del Campeonato Sudamericano Baloncesto Femenino U-15"},"content":{"rendered":"<p style=\"text-align: justify;\">El estado Lara se convierte nuevamente en el epicentro nacional del deporte al ser elegido como sede del Campeonato Sudamericano de Baloncesto Femenino U-15. Este evento contar\u00e1 con la participaci\u00f3n de selecciones de Colombia, Chile, Bolivia, Brasil, Uruguay, Argentina y Ecuador, quienes competir\u00e1n del 6 al 10 de noviembre, en el Domo Bolivariano.<\/p>\n<p style=\"text-align: justify;\">El gobernador de Lara, Adolfo Pereira, acompa\u00f1ado por el Comandante de la Zodi-Lara, general de divisi\u00f3n, Hibrahim Ricardo Sirgo, el alcalde de Iribarren, Luis Jon\u00e1s Reyes, y el presidente de la Federaci\u00f3n Venezolana de Baloncesto (FVB), Hanthony Coello, present\u00f3 el evento a la prensa. Pereira destac\u00f3 que \u201cnuevamente el estado Lara a la vanguardia deportiva y su ciudad Barquisimeto albergar\u00e1 8 selecciones internacionales para lo que ser\u00e1 la fiesta del baloncesto. Agradecemos a la FVB por escogernos como sede, ya que Lara destaca por mantener buenas condiciones en las infraestructuras deportivas\u201d.<\/p>\n<p style=\"text-align: justify;\">El Domo Bolivariano, rehabilitado en 2022, se encuentra completamente acondicionado para este y otros eventos deportivos. Pereira a\u00f1adi\u00f3 que \u201caparte que el clima, la gente, la gastronom\u00eda y el turismo son aspectos que destacan a la entidad\u201d. Desde el municipio Iribarren, el alcalde Luis Jon\u00e1s Reyes expres\u00f3 su orgullo por la selecci\u00f3n de Venezuela, mencionando que tres de las 12 integrantes pertenecen a su territorio, provenientes de los juegos escolares y municipales.<\/p>\n<p style=\"text-align: justify;\">De esta manera, el presidente de la FVB, Hanthony Coello, destac\u00f3 la preparaci\u00f3n del equipo nacional: \u201cllevamos m\u00e1s de 60 d\u00edas de preparaci\u00f3n y concentraci\u00f3n para dejar a nuestro pa\u00eds en alto. Luego de este campeonato, vamos rumbo a la FIBA americana y agradecemos al estado Lara por ser vanguardia en deporte y segunda vez sede de juegos de baloncesto\u201d.<\/p>\n<p style=\"text-align: justify;\">Josymar Corrales, atleta del equipo venezolano, expres\u00f3 su orgullo por las infraestructuras deportivas de Lara y agradeci\u00f3 al gobernador Adolfo Pereira y al gobierno bolivariano por sus atenciones. Se espera esta semana la llegada de las delegaciones de Colombia, Chile, Bolivia, Brasil, Uruguay, Argentina y Ecuador, inform\u00f3 el presidente de la federaci\u00f3n.<\/p>\n<p>&nbsp;<\/p>\n<h6>\u00a0VTV<\/h6>\n","protected":false},"excerpt":{"rendered":"<p>El estado Lara se convierte nuevamente en el epicentro nacional del deporte al ser elegido como sede del Campeonato Sudamericano de Baloncesto Femenino U-15. Este evento contar\u00e1 con la participaci\u00f3n&hellip; <\/p>\n","protected":false},"author":7,"featured_media":40027,"comment_status":"closed","ping_status":"closed","sticky":false,"template":"","format":"standard","meta":{"footnotes":""},"categories":[44],"tags":[],"class_list":["post-40026","post","type-post","status-publish","format-standard","has-post-thumbnail","hentry","category-deportes"],"_links":{"self":[{"href":"https:\/\/ciudadtrujillo.com\/index.php?rest_route=\/wp\/v2\/posts\/40026","targetHints":{"allow":["GET"]}}],"collection":[{"href":"https:\/\/ciudadtrujillo.com\/index.php?rest_route=\/wp\/v2\/posts"}],"about":[{"href":"https:\/\/ciudadtrujillo.com\/index.php?rest_route=\/wp\/v2\/types\/post"}],"author":[{"embeddable":true,"href":"https:\/\/ciudadtrujillo.com\/index.php?rest_route=\/wp\/v2\/users\/7"}],"replies":[{"embeddable":true,"href":"https:\/\/ciudadtrujillo.com\/index.php?rest_route=%2Fwp%2Fv2%2Fcomments&post=40026"}],"version-history":[{"count":1,"href":"https:\/\/ciudadtrujillo.com\/index.php?rest_route=\/wp\/v2\/posts\/40026\/revisions"}],"predecessor-version":[{"id":40028,"href":"https:\/\/ciudadtrujillo.com\/index.php?rest_route=\/wp\/v2\/posts\/40026\/revisions\/40028"}],"wp:featuredmedia":[{"embeddable":true,"href":"https:\/\/ciudadtrujillo.com\/index.php?rest_route=\/wp\/v2\/media\/40027"}],"wp:attachment":[{"href":"https:\/\/ciudadtrujillo.com\/index.php?rest_route=%2Fwp%2Fv2%2Fmedia&parent=40026"}],"wp:term":[{"taxonomy":"category","embeddable":true,"href":"https:\/\/ciudadtrujillo.com\/index.php?rest_route=%2Fwp%2Fv2%2Fcategories&post=40026"},{"taxonomy":"post_tag","embeddable":true,"href":"https:\/\/ciudadtrujillo.com\/index.php?rest_route=%2Fwp%2Fv2%2Ftags&post=40026"}],"curies":[{"name":"wp","href":"https:\/\/api.w.org\/{rel}","templated":true}]}}