{"id":40023,"date":"2024-11-04T18:54:59","date_gmt":"2024-11-04T22:54:59","guid":{"rendered":"https:\/\/ciudadtrujillo.com\/?p=40023"},"modified":"2024-11-04T18:54:59","modified_gmt":"2024-11-04T22:54:59","slug":"israel-lanza-ataques-a-instalaciones-civiles-al-sur-de-damasco","status":"publish","type":"post","link":"https:\/\/ciudadtrujillo.com\/?p=40023","title":{"rendered":"Israel lanza ataques a instalaciones civiles al sur de Damasco"},"content":{"rendered":"<p style=\"text-align: justify;\">El Ej\u00e9rcito israel\u00ed realiz\u00f3 este lunes ataques contra las instalaciones de infraestructura civil en el sur de Damasco, capital siria. Las aeronaves provocaron da\u00f1os en infraestructuras y bienes, comunic\u00f3 una fuente del Ministerio de Defensa sirio, citada por la televisi\u00f3n estatal saud\u00ed Al Ekhbariya. \u00abHoy [4 de noviembre] a las 17:18 hora local [GMT+3] el enemigo israel\u00ed lanz\u00f3 un ataque a\u00e9reo desde los ocupados Altos del Gol\u00e1n sirios, alcanzando varias instalaciones civiles en el sur de Damasco\u00bb.<\/p>\n<p style=\"text-align: justify;\">Oriente Medio est\u00e1 al rojo vivo con las hostilidades entre Israel y la milicia chi\u00ed libanesa Hizbul\u00e1 y los continuos bombardeos israel\u00edes a distintas \u00e1reas del L\u00edbano, que desde mediados de septiembre se cobraron m\u00e1s de 2 mil 460 vidas y dejaron miles de heridos y m\u00e1s de un mill\u00f3n de refugiados, seg\u00fan el Ministerio de Salud liban\u00e9s.<\/p>\n<p style=\"text-align: justify;\">Con el apoyo absoluto de Estados Unidos, el r\u00e9gimen israel\u00ed ha librado una guerra genocida contra la Franja de Gaza desde octubre de 2023, que hasta ahora ha dejado 43 mil 374 palestinos muertos, en su mayor\u00eda mujeres y ni\u00f1os, y 102 mil 261 heridos.<\/p>\n<p style=\"text-align: justify;\">Adem\u00e1s, casi 3 mil personas han muerto y m\u00e1s de 13 mil 300 han resultado heridas en El L\u00edbano, como consecuencia de los ataques israel\u00edes desde octubre de 2023, seg\u00fan las autoridades sanitarias libanesas.<\/p>\n<p style=\"text-align: justify;\">Las tropas de Israel bombardean tambi\u00e9n zonas de Ir\u00e1n.<\/p>\n<p>&nbsp;<\/p>\n<h6>VTV<\/h6>\n","protected":false},"excerpt":{"rendered":"<p>El Ej\u00e9rcito israel\u00ed realiz\u00f3 este lunes ataques contra las instalaciones de infraestructura civil en el sur de Damasco, capital siria. Las aeronaves provocaron da\u00f1os en infraestructuras y bienes, comunic\u00f3 una&hellip; <\/p>\n","protected":false},"author":7,"featured_media":40024,"comment_status":"closed","ping_status":"closed","sticky":false,"template":"","format":"standard","meta":{"footnotes":""},"categories":[42],"tags":[],"class_list":["post-40023","post","type-post","status-publish","format-standard","has-post-thumbnail","hentry","category-mundo"],"_links":{"self":[{"href":"https:\/\/ciudadtrujillo.com\/index.php?rest_route=\/wp\/v2\/posts\/40023","targetHints":{"allow":["GET"]}}],"collection":[{"href":"https:\/\/ciudadtrujillo.com\/index.php?rest_route=\/wp\/v2\/posts"}],"about":[{"href":"https:\/\/ciudadtrujillo.com\/index.php?rest_route=\/wp\/v2\/types\/post"}],"author":[{"embeddable":true,"href":"https:\/\/ciudadtrujillo.com\/index.php?rest_route=\/wp\/v2\/users\/7"}],"replies":[{"embeddable":true,"href":"https:\/\/ciudadtrujillo.com\/index.php?rest_route=%2Fwp%2Fv2%2Fcomments&post=40023"}],"version-history":[{"count":1,"href":"https:\/\/ciudadtrujillo.com\/index.php?rest_route=\/wp\/v2\/posts\/40023\/revisions"}],"predecessor-version":[{"id":40025,"href":"https:\/\/ciudadtrujillo.com\/index.php?rest_route=\/wp\/v2\/posts\/40023\/revisions\/40025"}],"wp:featuredmedia":[{"embeddable":true,"href":"https:\/\/ciudadtrujillo.com\/index.php?rest_route=\/wp\/v2\/media\/40024"}],"wp:attachment":[{"href":"https:\/\/ciudadtrujillo.com\/index.php?rest_route=%2Fwp%2Fv2%2Fmedia&parent=40023"}],"wp:term":[{"taxonomy":"category","embeddable":true,"href":"https:\/\/ciudadtrujillo.com\/index.php?rest_route=%2Fwp%2Fv2%2Fcategories&post=40023"},{"taxonomy":"post_tag","embeddable":true,"href":"https:\/\/ciudadtrujillo.com\/index.php?rest_route=%2Fwp%2Fv2%2Ftags&post=40023"}],"curies":[{"name":"wp","href":"https:\/\/api.w.org\/{rel}","templated":true}]}}