{"id":40020,"date":"2024-11-04T18:49:04","date_gmt":"2024-11-04T22:49:04","guid":{"rendered":"https:\/\/ciudadtrujillo.com\/?p=40020"},"modified":"2024-11-04T18:49:04","modified_gmt":"2024-11-04T22:49:04","slug":"jorge-rodriguez-el-fascismo-es-la-herramienta-de-quienes-se-consideran-duenos-del-mundo","status":"publish","type":"post","link":"https:\/\/ciudadtrujillo.com\/?p=40020","title":{"rendered":"Jorge Rodr\u00edguez: El fascismo es la herramienta de quienes se consideran due\u00f1os del mundo"},"content":{"rendered":"<p style=\"text-align: justify;\">El Presidente de la Asamblea Nacional, diputado Jorge Rodr\u00edguez, afirm\u00f3 este lunes, durante el inicio del Foro Parlamentario Mundial Antifascista en el Centro de Convenciones del Parque Bol\u00edvar ubicado en La Carlota, estado Miranda, que el fascismo es la herramienta a la que recurren quienes \u201cse consideran due\u00f1os del mundo\u201d.<\/p>\n<p style=\"text-align: justify;\">\u201cEs el fascismo la estrategia, la herramienta, a la que recurren aquellos que se consideran due\u00f1os del mundo, due\u00f1os de una sola manera de vivir la vida, de ver la vida, para tratar de eliminar cualquier forma de rebeli\u00f3n, de rebeld\u00eda, que es inherente a la condici\u00f3n humana\u201d, dijo.<\/p>\n<p style=\"text-align: justify;\">Adem\u00e1s, recalc\u00f3 que los venezolanos, como gente de paz, \u201clevantamos nuestra voz contra una de las peores plagas que hoy asola a la humanidad entera. El fascismo no es una ideolog\u00eda pol\u00edtica, no es un modo de asumir las contradicciones sociales, pol\u00edticas, econ\u00f3micas. El fascismo es un crimen\u201d.<\/p>\n<p style=\"text-align: justify;\">\u201cEn nombre del fascismo, el siglo XX se ti\u00f1\u00f3 de sangre como uno de los siglos m\u00e1s violentos que haya experimentado la humanidad. Por el fascismo murieron millones de europeos, cientos de miles de asi\u00e1ticos, miles de americanos\u201d, record\u00f3.<\/p>\n<p style=\"text-align: justify;\">El parlamentario expres\u00f3 que el fascismo es un plan \u201cdonde se quitan los ropajes de supuestas democracias o se despojan de los maquillajes y asumen de manera directa lo que realmente son: homicidas, genocidas, asesinos; personas capaces de niveles extremos de violencia\u201d.<\/p>\n<p style=\"text-align: justify;\">Rodr\u00edguez manifest\u00f3 que esto ocurre bajo \u201cla mirada hip\u00f3crita\u201d de quienes hacen negocio con la muerte y los bombardeos, agregando que \u201cbasta con ver c\u00f3mo se ha recuperado la industria militar norteamericana\u201d, teniendo como costo los miles de palestinos asesinados.<\/p>\n<h3 style=\"text-align: justify;\">Solidaridad con Palestina<\/h3>\n<p style=\"text-align: justify;\">El encuentro fue propicio para reiterar la solidaridad con el pueblo de Palestina ante el genocidio que comete Israel.<\/p>\n<p style=\"text-align: justify;\">\u201cCada hospital bombardeado, cada universidad y escuela arrasada, significan n\u00fameros azules para los varones de la guerra del complejo militar industrial de los Estados Unidos de Am\u00e9rica. Entonces, son tan asesinos los enviados por el genocida (Benjam\u00edn) Netanyahu como los que fabrican los bombarderos, las bombas, los misiles y los aviones con los que se bombardea poblaci\u00f3n civil inocente en Palestina\u201d, asever\u00f3 Rodr\u00edguez.<\/p>\n<p style=\"text-align: justify;\">Por otra parte, Rodr\u00edguez enfatiz\u00f3 que este foro es de \u201cmujeres y hombres que promueven la hermandad, la solidaridad y la libertad en el planeta\u201d, la primera voz de ese evento debe ser para gritar \u201ca los cuatro vientos (que) detengan el genocidio en Palestina, detengan el asesinato en masa de civiles, mujeres, hombres, m\u00e9dicos, profesores, estudiantes, periodistas, de representantes de organizaciones de Naciones Unidas\u201d.<\/p>\n<p style=\"text-align: justify;\">\u201cPalestina merece vivir, merece su territorio, que le pertenece por la historia y tradici\u00f3n. Es un deber de la humanidad levantar la voz no solamente contra el genocidio en Palestina, sino contra sus perpetradores, contra los c\u00f3mplices y aquellos que se hacen la vista gorda en parlamentos europeos y de otros continentes\u201d, reiter\u00f3.<\/p>\n<h3 style=\"text-align: justify;\">El fascismo es una expresi\u00f3n criminal<\/h3>\n<p style=\"text-align: justify;\">Rodr\u00edguez declar\u00f3 que el fascismo no es una manera particular de ver el mundo, sino una enfermedad y una expresi\u00f3n criminal de una enfermedad social.<\/p>\n<p style=\"text-align: justify;\">Resalt\u00f3 la necesidad de detener el fascismo ante las consecuencias que pueda provocar en la poblaci\u00f3n.<\/p>\n<p style=\"text-align: justify;\">Es importante resaltar que el Foro Parlamentario Mundial Antifascista se llevar\u00e1 a cabo hasta el 5 de noviembre y contar\u00e1 con la presencia de m\u00e1s de 300 parlamentarios de m\u00e1s de 70 pa\u00edses.<\/p>\n<p style=\"text-align: justify;\">En el encuentro se abordar\u00e1n temas como la democracia parlamentaria de paz, la relaci\u00f3n de imperialismo, fascismo y sionismo, entre otros, de acuerdo con declaraciones previas del primer vicepresidente de la Asamblea Nacional, el diputado Pedro Infante.<\/p>\n<p>&nbsp;<\/p>\n<p>&nbsp;<\/p>\n<h6>\u00daltimas Noticias\/Gr\u00e1ficas: Telesur<\/h6>\n","protected":false},"excerpt":{"rendered":"<p>El Presidente de la Asamblea Nacional, diputado Jorge Rodr\u00edguez, afirm\u00f3 este lunes, durante el inicio del Foro Parlamentario Mundial Antifascista en el Centro de Convenciones del Parque Bol\u00edvar ubicado en&hellip; <\/p>\n","protected":false},"author":7,"featured_media":40021,"comment_status":"closed","ping_status":"closed","sticky":false,"template":"","format":"standard","meta":{"footnotes":""},"categories":[41],"tags":[],"class_list":["post-40020","post","type-post","status-publish","format-standard","has-post-thumbnail","hentry","category-pais"],"_links":{"self":[{"href":"https:\/\/ciudadtrujillo.com\/index.php?rest_route=\/wp\/v2\/posts\/40020","targetHints":{"allow":["GET"]}}],"collection":[{"href":"https:\/\/ciudadtrujillo.com\/index.php?rest_route=\/wp\/v2\/posts"}],"about":[{"href":"https:\/\/ciudadtrujillo.com\/index.php?rest_route=\/wp\/v2\/types\/post"}],"author":[{"embeddable":true,"href":"https:\/\/ciudadtrujillo.com\/index.php?rest_route=\/wp\/v2\/users\/7"}],"replies":[{"embeddable":true,"href":"https:\/\/ciudadtrujillo.com\/index.php?rest_route=%2Fwp%2Fv2%2Fcomments&post=40020"}],"version-history":[{"count":1,"href":"https:\/\/ciudadtrujillo.com\/index.php?rest_route=\/wp\/v2\/posts\/40020\/revisions"}],"predecessor-version":[{"id":40022,"href":"https:\/\/ciudadtrujillo.com\/index.php?rest_route=\/wp\/v2\/posts\/40020\/revisions\/40022"}],"wp:featuredmedia":[{"embeddable":true,"href":"https:\/\/ciudadtrujillo.com\/index.php?rest_route=\/wp\/v2\/media\/40021"}],"wp:attachment":[{"href":"https:\/\/ciudadtrujillo.com\/index.php?rest_route=%2Fwp%2Fv2%2Fmedia&parent=40020"}],"wp:term":[{"taxonomy":"category","embeddable":true,"href":"https:\/\/ciudadtrujillo.com\/index.php?rest_route=%2Fwp%2Fv2%2Fcategories&post=40020"},{"taxonomy":"post_tag","embeddable":true,"href":"https:\/\/ciudadtrujillo.com\/index.php?rest_route=%2Fwp%2Fv2%2Ftags&post=40020"}],"curies":[{"name":"wp","href":"https:\/\/api.w.org\/{rel}","templated":true}]}}