{"id":39985,"date":"2024-11-03T20:00:17","date_gmt":"2024-11-04T00:00:17","guid":{"rendered":"https:\/\/ciudadtrujillo.com\/?p=39985"},"modified":"2024-11-03T20:00:17","modified_gmt":"2024-11-04T00:00:17","slug":"alerta-roja-y-naranja-en-varias-regiones-de-almeria-y-valencia-en-espana","status":"publish","type":"post","link":"https:\/\/ciudadtrujillo.com\/?p=39985","title":{"rendered":"Alerta Roja y Naranja en varias regiones de Almer\u00eda y Valencia en Espa\u00f1a"},"content":{"rendered":"<p style=\"text-align: justify;\">La Agencia Estatal de Meteorolog\u00eda (Aemet) ha activado la alerta roja en zonas de Almer\u00eda por lluvias torrenciales y advierte de que \u201cel peligro es extremo\u201d, ya que pueden acumularse 120 litros por metro cuadrado en 12 horas.<\/p>\n<p style=\"text-align: justify;\">Tambi\u00e9n ha elevado el nivel de alerta en \u00e1reas de la Comunidad Valenciana afectadas por la DANA: el organismo ha actualizado el aviso naranja para este domingo por las fuertes precipitaciones y tormentas que se esperan en el litoral de la provincia de Valencia, as\u00ed como el litoral y el norte de la Castell\u00f3n. En ambas zonas pueden acumularse 150 l\/m2 en 12 horas, indica la Aemet. Adem\u00e1s, el aviso tambi\u00e9n se extiende a Catalunya y Murcia.<\/p>\n<p style=\"text-align: justify;\">Ante el riesgo por lluvias torrenciales previsto en Almer\u00eda, con aviso rojo en Almanzora, Los V\u00e9lez, Nacimiento y Tabernas, la Junta de Andaluc\u00eda ha elevado el Plan de Emergencias ante el Riesgo de Inundaciones a fase de emergencia, situaci\u00f3n operativa 1. De igual manera, se pide extremar la precauci\u00f3n en las zonas con avisos y evitar los desplazamientos.<\/p>\n<p style=\"text-align: justify;\">Respecto a la advertencia en la Comunitat Valenciana, estar\u00e1 activa desde las 9:00 a las 23:59 horas de hoy. Adem\u00e1s de los 150 l\/m2 que pueden caer en el litoral de Valencia y en Castell\u00f3n, tambi\u00e9n prev\u00e9 precipitaciones de 50 litros por metro cuadrado en una hora en el litoral sur de Valencia, donde las tormentas podr\u00edan ir acompa\u00f1adas de granizo.<\/p>\n<p style=\"text-align: justify;\">Tambi\u00e9n se establece el aviso amarillo en el resto de la Comunitat Valenciana por precipitaciones acompa\u00f1adas de granizo que podr\u00edan acumular 20 litros por metro cuadrado en una hora y 60 l\/m2 en doce horas.<\/p>\n<p style=\"text-align: justify;\">Asimismo, los chubascos ser\u00e1n localizados, de manera que localidades pr\u00f3ximas podr\u00edan tener acumulados muy dispares, seg\u00fan Aemet. Todos los avisos se pueden consultar en tiempo real en la web de la agencia.<\/p>\n<p style=\"text-align: justify;\">Las v\u00edctimas mortales por el temporal que azot\u00f3 a Espa\u00f1a el pasado martes ascienden este domingo a 217, la inmensa mayor\u00eda de ellas, 213, se produjeron en la provincia de Valencia, en la costa mediterr\u00e1nea, epicentro de las inundaciones m\u00e1s graves en Espa\u00f1a desde el pasado siglo.<\/p>\n<p style=\"text-align: justify;\">Como las fuertes tormentas anticipadas podr\u00edan agravar la situaci\u00f3n en \u00e1reas ya devastadas, este domingo se restringir\u00e1 el desplazamiento de individuos no residentes y voluntarios en al menos 11 municipios de la comunidad valenciana impactados por la DANA.<\/p>\n<p>&nbsp;<\/p>\n<p>&nbsp;<\/p>\n<h6>\u00daltimas Noticias<\/h6>\n","protected":false},"excerpt":{"rendered":"<p>La Agencia Estatal de Meteorolog\u00eda (Aemet) ha activado la alerta roja en zonas de Almer\u00eda por lluvias torrenciales y advierte de que \u201cel peligro es extremo\u201d, ya que pueden acumularse&hellip; <\/p>\n","protected":false},"author":7,"featured_media":39986,"comment_status":"closed","ping_status":"closed","sticky":false,"template":"","format":"standard","meta":{"footnotes":""},"categories":[42],"tags":[],"class_list":["post-39985","post","type-post","status-publish","format-standard","has-post-thumbnail","hentry","category-mundo"],"_links":{"self":[{"href":"https:\/\/ciudadtrujillo.com\/index.php?rest_route=\/wp\/v2\/posts\/39985","targetHints":{"allow":["GET"]}}],"collection":[{"href":"https:\/\/ciudadtrujillo.com\/index.php?rest_route=\/wp\/v2\/posts"}],"about":[{"href":"https:\/\/ciudadtrujillo.com\/index.php?rest_route=\/wp\/v2\/types\/post"}],"author":[{"embeddable":true,"href":"https:\/\/ciudadtrujillo.com\/index.php?rest_route=\/wp\/v2\/users\/7"}],"replies":[{"embeddable":true,"href":"https:\/\/ciudadtrujillo.com\/index.php?rest_route=%2Fwp%2Fv2%2Fcomments&post=39985"}],"version-history":[{"count":1,"href":"https:\/\/ciudadtrujillo.com\/index.php?rest_route=\/wp\/v2\/posts\/39985\/revisions"}],"predecessor-version":[{"id":39987,"href":"https:\/\/ciudadtrujillo.com\/index.php?rest_route=\/wp\/v2\/posts\/39985\/revisions\/39987"}],"wp:featuredmedia":[{"embeddable":true,"href":"https:\/\/ciudadtrujillo.com\/index.php?rest_route=\/wp\/v2\/media\/39986"}],"wp:attachment":[{"href":"https:\/\/ciudadtrujillo.com\/index.php?rest_route=%2Fwp%2Fv2%2Fmedia&parent=39985"}],"wp:term":[{"taxonomy":"category","embeddable":true,"href":"https:\/\/ciudadtrujillo.com\/index.php?rest_route=%2Fwp%2Fv2%2Fcategories&post=39985"},{"taxonomy":"post_tag","embeddable":true,"href":"https:\/\/ciudadtrujillo.com\/index.php?rest_route=%2Fwp%2Fv2%2Ftags&post=39985"}],"curies":[{"name":"wp","href":"https:\/\/api.w.org\/{rel}","templated":true}]}}