{"id":39982,"date":"2024-11-03T19:57:11","date_gmt":"2024-11-03T23:57:11","guid":{"rendered":"https:\/\/ciudadtrujillo.com\/?p=39982"},"modified":"2024-11-03T19:57:11","modified_gmt":"2024-11-03T23:57:11","slug":"vicepresidenta-ejecutiva-abordo-en-vietnam-una-agenda-energetica-y-agricola","status":"publish","type":"post","link":"https:\/\/ciudadtrujillo.com\/?p=39982","title":{"rendered":"Vicepresidenta ejecutiva abord\u00f3 en Vietnam una agenda energ\u00e9tica y agr\u00edcola"},"content":{"rendered":"<p style=\"text-align: justify;\">La vicepresidenta ejecutiva de la Rep\u00fablica, Delcy Rodr\u00edguez, reconoci\u00f3 la valent\u00eda del pueblo vietnamita en su lucha por la independencia.<\/p>\n<p style=\"text-align: justify;\">Tal apreciaci\u00f3n fue expuesta por Rodr\u00edguez a trav\u00e9s de sus redes sociales, desde donde destac\u00f3 la determinaci\u00f3n de la naci\u00f3n asi\u00e1tica para construir y luchar por su independencia.<\/p>\n<p style=\"text-align: justify;\">\u201cEn nuestra visita de trabajo a la Rep\u00fablica Socialista de Vietnam, hicimos un recorrido por el nuevo Museo de Historia Militar, donde pudimos atestiguar la valent\u00eda del pueblo vietnamita y la determinaci\u00f3n que ha tenido para construir y luchar por su libertad e independencia hasta nuestros d\u00edas\u201d, indic\u00f3 la vicepresidenta, quien sostuvo un encuentro con su hom\u00f3loga Vo Thi Anh Xuan, con la cual abord\u00f3 principalmente las agendas en materia energ\u00e9tica y agr\u00edcola.<\/p>\n<p>&nbsp;<\/p>\n<p>&nbsp;<\/p>\n<h6>\u00daltimas Noticias<\/h6>\n","protected":false},"excerpt":{"rendered":"<p>La vicepresidenta ejecutiva de la Rep\u00fablica, Delcy Rodr\u00edguez, reconoci\u00f3 la valent\u00eda del pueblo vietnamita en su lucha por la independencia. Tal apreciaci\u00f3n fue expuesta por Rodr\u00edguez a trav\u00e9s de sus&hellip; <\/p>\n","protected":false},"author":7,"featured_media":39983,"comment_status":"closed","ping_status":"closed","sticky":false,"template":"","format":"standard","meta":{"footnotes":""},"categories":[41],"tags":[],"class_list":["post-39982","post","type-post","status-publish","format-standard","has-post-thumbnail","hentry","category-pais"],"_links":{"self":[{"href":"https:\/\/ciudadtrujillo.com\/index.php?rest_route=\/wp\/v2\/posts\/39982","targetHints":{"allow":["GET"]}}],"collection":[{"href":"https:\/\/ciudadtrujillo.com\/index.php?rest_route=\/wp\/v2\/posts"}],"about":[{"href":"https:\/\/ciudadtrujillo.com\/index.php?rest_route=\/wp\/v2\/types\/post"}],"author":[{"embeddable":true,"href":"https:\/\/ciudadtrujillo.com\/index.php?rest_route=\/wp\/v2\/users\/7"}],"replies":[{"embeddable":true,"href":"https:\/\/ciudadtrujillo.com\/index.php?rest_route=%2Fwp%2Fv2%2Fcomments&post=39982"}],"version-history":[{"count":1,"href":"https:\/\/ciudadtrujillo.com\/index.php?rest_route=\/wp\/v2\/posts\/39982\/revisions"}],"predecessor-version":[{"id":39984,"href":"https:\/\/ciudadtrujillo.com\/index.php?rest_route=\/wp\/v2\/posts\/39982\/revisions\/39984"}],"wp:featuredmedia":[{"embeddable":true,"href":"https:\/\/ciudadtrujillo.com\/index.php?rest_route=\/wp\/v2\/media\/39983"}],"wp:attachment":[{"href":"https:\/\/ciudadtrujillo.com\/index.php?rest_route=%2Fwp%2Fv2%2Fmedia&parent=39982"}],"wp:term":[{"taxonomy":"category","embeddable":true,"href":"https:\/\/ciudadtrujillo.com\/index.php?rest_route=%2Fwp%2Fv2%2Fcategories&post=39982"},{"taxonomy":"post_tag","embeddable":true,"href":"https:\/\/ciudadtrujillo.com\/index.php?rest_route=%2Fwp%2Fv2%2Ftags&post=39982"}],"curies":[{"name":"wp","href":"https:\/\/api.w.org\/{rel}","templated":true}]}}