{"id":39975,"date":"2024-11-01T01:16:19","date_gmt":"2024-11-01T05:16:19","guid":{"rendered":"https:\/\/ciudadtrujillo.com\/?p=39975"},"modified":"2024-11-01T01:16:19","modified_gmt":"2024-11-01T05:16:19","slug":"instalan-mesa-tecnica-interinstitucional-para-el-plan-nacional-vulnerabilidad-cero","status":"publish","type":"post","link":"https:\/\/ciudadtrujillo.com\/?p=39975","title":{"rendered":"Instalan mesa t\u00e9cnica interinstitucional para el Plan Nacional Vulnerabilidad Cero"},"content":{"rendered":"<p style=\"text-align: justify;\">Representantes de las instituciones p\u00fablicas que integran el Estado Mayor de Protecci\u00f3n de los Ni\u00f1os, Ni\u00f1as y Adolescentes en el estado Trujillo, sostuvieron un encuentro para crear propuestas que permitan atender a ni\u00f1os y ni\u00f1as de la entidad.<\/p>\n<p style=\"text-align: justify;\">La actividad se llev\u00f3 a cabo desde los espacios del auditorio de la Direcci\u00f3n Regional \u201cEl Ni\u00f1o Sim\u00f3n\u201d-Trujillo, encabezada por la primera combatiente Lcda. Reyna P\u00e9rez de M\u00e1rquez, quien estuvo presente junto a la presidenta del Circuito Judicial Penal, Dra. Mar\u00eda Parilli; la diputada a la Asamblea Nacional, Lcda. Ang\u00e9lica Mor\u00f3n y la Directora Regional del Instituto Aut\u00f3nomo Consejo Nacional de Derechos de Ni\u00f1os, Ni\u00f1as y Adolescentes, Economista Mariela Ojeda.<\/p>\n<p style=\"text-align: justify;\">De esta manera se impulsa el Plan Nacional Vulnerabilidad Cero, que busca brindar atenci\u00f3n y prevenci\u00f3n a los ni\u00f1os, ni\u00f1as y adolescentes en aquellos casos en los cuales est\u00e1n en situaci\u00f3n de vulnerabilidad y de calle.<\/p>\n<p style=\"text-align: justify;\">V\u00eda telef\u00f3nica estuvo la presidenta nacional del IDENNA, Lcda. Anahi Arizmendi, resaltando que \u00aben esta campa\u00f1a todos son corresponsables de que los ni\u00f1os tengan una condici\u00f3n de vida donde no est\u00e9n expuestos a la calle y explotaci\u00f3n, por esta raz\u00f3n hemos lanzado la campa\u00f1a \u201cNo les des dinero, dale amor\u201d, rompamos el ciclo de explotaci\u00f3n\u00bb.<\/p>\n<p style=\"text-align: justify;\">Por su parte, P\u00e9rez de M\u00e1rquez agradeci\u00f3 a todos los presentes por asistir a la reuni\u00f3n y los invit\u00f3 a trabajar de manera articulada por el bienestar de los ni\u00f1os, ni\u00f1as y adolescentes, que se deben reforzar los valores desde la familia, escuelas y comunidad.<\/p>\n<p style=\"text-align: justify;\">Resaltando que este plan lo impulsa el Presidente de la Rep\u00fablica Bolivariana de Venezuela, Nicol\u00e1s Maduro, para brindar apoyo y protecci\u00f3n a los ni\u00f1os que se encuentran en condiciones vulnerables, de esta manera garantizar su atenci\u00f3n integral.<\/p>\n<p>&nbsp;<\/p>\n<p>&nbsp;<\/p>\n<h6><strong>Prensa DRNSTRU\/ Karelis Dur\u00e1n<\/strong><\/h6>\n","protected":false},"excerpt":{"rendered":"<p>Representantes de las instituciones p\u00fablicas que integran el Estado Mayor de Protecci\u00f3n de los Ni\u00f1os, Ni\u00f1as y Adolescentes en el estado Trujillo, sostuvieron un encuentro para crear propuestas que permitan&hellip; <\/p>\n","protected":false},"author":7,"featured_media":39976,"comment_status":"closed","ping_status":"closed","sticky":false,"template":"","format":"standard","meta":{"footnotes":""},"categories":[40],"tags":[],"class_list":["post-39975","post","type-post","status-publish","format-standard","has-post-thumbnail","hentry","category-grantrujillo"],"_links":{"self":[{"href":"https:\/\/ciudadtrujillo.com\/index.php?rest_route=\/wp\/v2\/posts\/39975","targetHints":{"allow":["GET"]}}],"collection":[{"href":"https:\/\/ciudadtrujillo.com\/index.php?rest_route=\/wp\/v2\/posts"}],"about":[{"href":"https:\/\/ciudadtrujillo.com\/index.php?rest_route=\/wp\/v2\/types\/post"}],"author":[{"embeddable":true,"href":"https:\/\/ciudadtrujillo.com\/index.php?rest_route=\/wp\/v2\/users\/7"}],"replies":[{"embeddable":true,"href":"https:\/\/ciudadtrujillo.com\/index.php?rest_route=%2Fwp%2Fv2%2Fcomments&post=39975"}],"version-history":[{"count":1,"href":"https:\/\/ciudadtrujillo.com\/index.php?rest_route=\/wp\/v2\/posts\/39975\/revisions"}],"predecessor-version":[{"id":39977,"href":"https:\/\/ciudadtrujillo.com\/index.php?rest_route=\/wp\/v2\/posts\/39975\/revisions\/39977"}],"wp:featuredmedia":[{"embeddable":true,"href":"https:\/\/ciudadtrujillo.com\/index.php?rest_route=\/wp\/v2\/media\/39976"}],"wp:attachment":[{"href":"https:\/\/ciudadtrujillo.com\/index.php?rest_route=%2Fwp%2Fv2%2Fmedia&parent=39975"}],"wp:term":[{"taxonomy":"category","embeddable":true,"href":"https:\/\/ciudadtrujillo.com\/index.php?rest_route=%2Fwp%2Fv2%2Fcategories&post=39975"},{"taxonomy":"post_tag","embeddable":true,"href":"https:\/\/ciudadtrujillo.com\/index.php?rest_route=%2Fwp%2Fv2%2Ftags&post=39975"}],"curies":[{"name":"wp","href":"https:\/\/api.w.org\/{rel}","templated":true}]}}