{"id":39972,"date":"2024-11-01T01:05:12","date_gmt":"2024-11-01T05:05:12","guid":{"rendered":"https:\/\/ciudadtrujillo.com\/?p=39972"},"modified":"2024-11-01T01:05:12","modified_gmt":"2024-11-01T05:05:12","slug":"trujillo-conforma-comision-tecnica-para-seguimiento-de-proyectos-comunales-del-servicio-electrico","status":"publish","type":"post","link":"https:\/\/ciudadtrujillo.com\/?p=39972","title":{"rendered":"Trujillo conforma comisi\u00f3n t\u00e9cnica para seguimiento de proyectos comunales del servicio el\u00e9ctrico"},"content":{"rendered":"<p style=\"text-align: justify;\">El gerente territorial de la Corporaci\u00f3n El\u00e9ctrica Nacional (Corpoelec) Zona Trujillo, GD. Julio Y\u00e9pez Castro, inform\u00f3 acerca de la conformaci\u00f3n de una comisi\u00f3n t\u00e9cnica de car\u00e1cter permanente que realizar\u00e1 el seguimiento de los proyectos comunales m\u00e1s votados en las Consultas Populares del 2024 en materia de servicio el\u00e9ctrico.<\/p>\n<p style=\"text-align: justify;\">A trav\u00e9s de su red social Instagram, Y\u00e9pez Castro asever\u00f3 que esta acci\u00f3n se efect\u00faa siguiendo las orientaciones del Presidente Nicol\u00e1s Maduro; el ministro de Energ\u00eda El\u00e9ctrica, MG. Jorge M\u00e1rquez y el gobernador Gerardo M\u00e1rquez. Indic\u00f3 que luego de una mesa de trabajo sostenida con la Direcci\u00f3n Estadal del Fondo Federal de Gobierno y la Coordinaci\u00f3n de Comunas del Psuv Trujillo se acord\u00f3 la conformaci\u00f3n de la comisi\u00f3n t\u00e9cnica que ejercer\u00e1 \u201casesor\u00eda y control a las comunidades beneficiadas y protagonistas de la gesti\u00f3n de gobierno\u201d.<\/p>\n<p style=\"text-align: justify;\">Atenci\u00f3n mediante el 1&#215;10 del Buen Gobierno<\/p>\n<p style=\"text-align: justify;\">El gerente territorial de Corpoelec Zona Trujillo destac\u00f3 el trabajo incansable desarrollado por la fuerza laboral para dar respuesta a las solicitudes realizadas por el pueblo, alcanzando m\u00e1s del 95% de soluci\u00f3n en reportes de las comunidades, especialmente en las categor\u00edas de fallas el\u00e9ctricas, transformadores, alumbrado p\u00fablico, pica y poda, as\u00ed como los proyectos de electrificaci\u00f3n.<\/p>\n<p style=\"text-align: justify;\">\u201cSeguimos afinando estrategias para aumentar la efectividad en la atenci\u00f3n a los reportes de la VenApp del 1X10 del Buen Gobierno\u201d, apunt\u00f3.<\/p>\n<p>&nbsp;<\/p>\n<p>&nbsp;<\/p>\n<h6>Yelimar Hidalgo\/Gr\u00e1ficas: cortes\u00eda<\/h6>\n","protected":false},"excerpt":{"rendered":"<p>El gerente territorial de la Corporaci\u00f3n El\u00e9ctrica Nacional (Corpoelec) Zona Trujillo, GD. Julio Y\u00e9pez Castro, inform\u00f3 acerca de la conformaci\u00f3n de una comisi\u00f3n t\u00e9cnica de car\u00e1cter permanente que realizar\u00e1 el&hellip; <\/p>\n","protected":false},"author":7,"featured_media":39973,"comment_status":"closed","ping_status":"closed","sticky":false,"template":"","format":"standard","meta":{"footnotes":""},"categories":[40],"tags":[],"class_list":["post-39972","post","type-post","status-publish","format-standard","has-post-thumbnail","hentry","category-grantrujillo"],"_links":{"self":[{"href":"https:\/\/ciudadtrujillo.com\/index.php?rest_route=\/wp\/v2\/posts\/39972","targetHints":{"allow":["GET"]}}],"collection":[{"href":"https:\/\/ciudadtrujillo.com\/index.php?rest_route=\/wp\/v2\/posts"}],"about":[{"href":"https:\/\/ciudadtrujillo.com\/index.php?rest_route=\/wp\/v2\/types\/post"}],"author":[{"embeddable":true,"href":"https:\/\/ciudadtrujillo.com\/index.php?rest_route=\/wp\/v2\/users\/7"}],"replies":[{"embeddable":true,"href":"https:\/\/ciudadtrujillo.com\/index.php?rest_route=%2Fwp%2Fv2%2Fcomments&post=39972"}],"version-history":[{"count":1,"href":"https:\/\/ciudadtrujillo.com\/index.php?rest_route=\/wp\/v2\/posts\/39972\/revisions"}],"predecessor-version":[{"id":39974,"href":"https:\/\/ciudadtrujillo.com\/index.php?rest_route=\/wp\/v2\/posts\/39972\/revisions\/39974"}],"wp:featuredmedia":[{"embeddable":true,"href":"https:\/\/ciudadtrujillo.com\/index.php?rest_route=\/wp\/v2\/media\/39973"}],"wp:attachment":[{"href":"https:\/\/ciudadtrujillo.com\/index.php?rest_route=%2Fwp%2Fv2%2Fmedia&parent=39972"}],"wp:term":[{"taxonomy":"category","embeddable":true,"href":"https:\/\/ciudadtrujillo.com\/index.php?rest_route=%2Fwp%2Fv2%2Fcategories&post=39972"},{"taxonomy":"post_tag","embeddable":true,"href":"https:\/\/ciudadtrujillo.com\/index.php?rest_route=%2Fwp%2Fv2%2Ftags&post=39972"}],"curies":[{"name":"wp","href":"https:\/\/api.w.org\/{rel}","templated":true}]}}