{"id":39960,"date":"2024-11-01T00:40:10","date_gmt":"2024-11-01T04:40:10","guid":{"rendered":"https:\/\/ciudadtrujillo.com\/?p=39960"},"modified":"2024-11-01T00:40:39","modified_gmt":"2024-11-01T04:40:39","slug":"arabia-saudita-convoca-cumbre-de-paises-arabes-para-abordar-las-agresiones-israelies","status":"publish","type":"post","link":"https:\/\/ciudadtrujillo.com\/?p=39960","title":{"rendered":"Arabia Saudita convoca cumbre de pa\u00edses \u00e1rabes para abordar las agresiones israel\u00edes"},"content":{"rendered":"<p style=\"text-align: justify;\">Arabia Saudita convoc\u00f3 una cumbre de pa\u00edses \u00e1rabes para abordar el tema de la agresi\u00f3n israel\u00ed contra Palestina y L\u00edbano. La reuni\u00f3n tendr\u00e1 lugar el pr\u00f3ximo 11 de noviembre, misma fecha que el a\u00f1o anterior en Riad, la capital saud\u00ed. La convocatoria fue realizada por la oficina del rey Salman, a trav\u00e9s del ministro de Exteriores del reino, Faisal bin Farhan.<\/p>\n<p style=\"text-align: justify;\">El comunicado oficial conden\u00f3 las agresiones genocidas de Israel y reafirm\u00f3 el compromiso de Arabia Saudita con el apoyo a Palestina y L\u00edbano. \u00abArabia Saud\u00ed reafirma su condena y denuncia los continuos cr\u00edmenes y violaciones a los que es sometido el hermano pueblo palestino por parte de las autoridades de ocupaci\u00f3n israel\u00edes y las agresiones y violaciones israel\u00edes a las que son sometidos los hermanos del L\u00edbano\u00bb, asegur\u00f3 el Reino.<\/p>\n<p style=\"text-align: justify;\">La reuni\u00f3n se convoc\u00f3 durante la cumbre de \u00abAlianza Internacional para implementar la soluci\u00f3n de los dos Estados\u00bb, con la esperanza de alcanzar una salida definitiva al conflicto en Oriente Medio. En este encuentro de alto nivel en Riad participar\u00e1n diplom\u00e1ticos y enviados de varios pa\u00edses, as\u00ed como representantes de organizaciones regionales e internacionales y algunos pa\u00edses occidentales.<\/p>\n<p style=\"text-align: justify;\">El Reino saud\u00ed espera que esta cumbre sea un paso significativo hacia la paz y la justicia en la regi\u00f3n, con el prop\u00f3sito de promover el di\u00e1logo y la cooperaci\u00f3n entre las naciones \u00e1rabes para enfrentar las agresiones y buscar soluciones sostenibles al conflicto. Este evento subraya la importancia de la solidaridad y la unidad entre los pa\u00edses \u00e1rabes, as\u00ed como el compromiso de Arabia Saudita con la defensa de los derechos y la dignidad de los pueblos palestino y liban\u00e9s.<\/p>\n<p>&nbsp;<\/p>\n<p>&nbsp;<\/p>\n<h6>VTV<\/h6>\n","protected":false},"excerpt":{"rendered":"<p>Arabia Saudita convoc\u00f3 una cumbre de pa\u00edses \u00e1rabes para abordar el tema de la agresi\u00f3n israel\u00ed contra Palestina y L\u00edbano. La reuni\u00f3n tendr\u00e1 lugar el pr\u00f3ximo 11 de noviembre, misma&hellip; <\/p>\n","protected":false},"author":7,"featured_media":39961,"comment_status":"closed","ping_status":"closed","sticky":false,"template":"","format":"standard","meta":{"footnotes":""},"categories":[42],"tags":[],"class_list":["post-39960","post","type-post","status-publish","format-standard","has-post-thumbnail","hentry","category-mundo"],"_links":{"self":[{"href":"https:\/\/ciudadtrujillo.com\/index.php?rest_route=\/wp\/v2\/posts\/39960","targetHints":{"allow":["GET"]}}],"collection":[{"href":"https:\/\/ciudadtrujillo.com\/index.php?rest_route=\/wp\/v2\/posts"}],"about":[{"href":"https:\/\/ciudadtrujillo.com\/index.php?rest_route=\/wp\/v2\/types\/post"}],"author":[{"embeddable":true,"href":"https:\/\/ciudadtrujillo.com\/index.php?rest_route=\/wp\/v2\/users\/7"}],"replies":[{"embeddable":true,"href":"https:\/\/ciudadtrujillo.com\/index.php?rest_route=%2Fwp%2Fv2%2Fcomments&post=39960"}],"version-history":[{"count":1,"href":"https:\/\/ciudadtrujillo.com\/index.php?rest_route=\/wp\/v2\/posts\/39960\/revisions"}],"predecessor-version":[{"id":39962,"href":"https:\/\/ciudadtrujillo.com\/index.php?rest_route=\/wp\/v2\/posts\/39960\/revisions\/39962"}],"wp:featuredmedia":[{"embeddable":true,"href":"https:\/\/ciudadtrujillo.com\/index.php?rest_route=\/wp\/v2\/media\/39961"}],"wp:attachment":[{"href":"https:\/\/ciudadtrujillo.com\/index.php?rest_route=%2Fwp%2Fv2%2Fmedia&parent=39960"}],"wp:term":[{"taxonomy":"category","embeddable":true,"href":"https:\/\/ciudadtrujillo.com\/index.php?rest_route=%2Fwp%2Fv2%2Fcategories&post=39960"},{"taxonomy":"post_tag","embeddable":true,"href":"https:\/\/ciudadtrujillo.com\/index.php?rest_route=%2Fwp%2Fv2%2Ftags&post=39960"}],"curies":[{"name":"wp","href":"https:\/\/api.w.org\/{rel}","templated":true}]}}