{"id":39956,"date":"2024-11-01T00:33:02","date_gmt":"2024-11-01T04:33:02","guid":{"rendered":"https:\/\/ciudadtrujillo.com\/?p=39956"},"modified":"2024-11-01T00:33:02","modified_gmt":"2024-11-01T04:33:02","slug":"presentaran-en-la-asamblea-nacional-informe-de-postulaciones-para-el-poder-ciudadano","status":"publish","type":"post","link":"https:\/\/ciudadtrujillo.com\/?p=39956","title":{"rendered":"Presentar\u00e1n en la Asamblea Nacional Informe de postulaciones para el Poder Ciudadano"},"content":{"rendered":"<p style=\"text-align: justify;\">En la Asamblea Nacional (AN), se presentar\u00e1 el Informe Final de Gesti\u00f3n del Comit\u00e9 de Evaluaci\u00f3n de Postulaciones del Poder Ciudadano, as\u00ed como la consignaci\u00f3n del listado de elegibles para la designaci\u00f3n del Defensor del Pueblo, el Fiscal y el Contralor General de la Rep\u00fablica, seg\u00fan indica el orden del d\u00eda para este jueves 31 de octubre. D\u00edas atr\u00e1s, el presidente del Comit\u00e9 de Postulaciones del Poder Ciudadano del parlamento, Giuseppe Alessandrello inform\u00f3 que este 30 de octubre finalizaba el proceso de entrevista de los postulados.<\/p>\n<p style=\"text-align: justify;\">El Comit\u00e9 public\u00f3 las listas de aspirantes a los cargos de Defensor P\u00fablico, Fiscal y Contralor General de la Rep\u00fablica. Una vez que el Comit\u00e9 de Postulaciones eval\u00fae a los inscritos, se llevar\u00e1 a cabo la plenaria de la Asamblea Nacional, en la que ser\u00e1n designados los nuevos integrantes del Poder Ciudadano.<\/p>\n<p style=\"text-align: justify;\">En segundo lugar, el orden del d\u00eda establece la discusi\u00f3n del Proyecto de Reforma de la Ley Org\u00e1nica de las Comunas, de acuerdo con el reglamento interno del parlamento, tras el proceso de consulta p\u00fablica donde participaron movimientos sociales y representantes de las comunas en todo el pa\u00eds.<\/p>\n<p style=\"text-align: justify;\">Igualmente, se abordar\u00e1 el Proyecto de Acuerdo para conmemorar el 83 aniversario del cantautor del pueblo, Al\u00ed Primera; de conformidad con lo previsto en el art\u00edculo 111 del Reglamento Interior y de Debates de la Asamblea Nacional. Est\u00e1 previsto que la sesi\u00f3n ordinaria inicie en horas de la tarde de este jueves.<\/p>\n<p style=\"text-align: justify;\">\n<p>&nbsp;<\/p>\n<p>VTV<\/p>\n","protected":false},"excerpt":{"rendered":"<p>En la Asamblea Nacional (AN), se presentar\u00e1 el Informe Final de Gesti\u00f3n del Comit\u00e9 de Evaluaci\u00f3n de Postulaciones del Poder Ciudadano, as\u00ed como la consignaci\u00f3n del listado de elegibles para&hellip; <\/p>\n","protected":false},"author":7,"featured_media":39957,"comment_status":"closed","ping_status":"closed","sticky":false,"template":"","format":"standard","meta":{"footnotes":""},"categories":[41],"tags":[],"class_list":["post-39956","post","type-post","status-publish","format-standard","has-post-thumbnail","hentry","category-pais"],"_links":{"self":[{"href":"https:\/\/ciudadtrujillo.com\/index.php?rest_route=\/wp\/v2\/posts\/39956","targetHints":{"allow":["GET"]}}],"collection":[{"href":"https:\/\/ciudadtrujillo.com\/index.php?rest_route=\/wp\/v2\/posts"}],"about":[{"href":"https:\/\/ciudadtrujillo.com\/index.php?rest_route=\/wp\/v2\/types\/post"}],"author":[{"embeddable":true,"href":"https:\/\/ciudadtrujillo.com\/index.php?rest_route=\/wp\/v2\/users\/7"}],"replies":[{"embeddable":true,"href":"https:\/\/ciudadtrujillo.com\/index.php?rest_route=%2Fwp%2Fv2%2Fcomments&post=39956"}],"version-history":[{"count":1,"href":"https:\/\/ciudadtrujillo.com\/index.php?rest_route=\/wp\/v2\/posts\/39956\/revisions"}],"predecessor-version":[{"id":39958,"href":"https:\/\/ciudadtrujillo.com\/index.php?rest_route=\/wp\/v2\/posts\/39956\/revisions\/39958"}],"wp:featuredmedia":[{"embeddable":true,"href":"https:\/\/ciudadtrujillo.com\/index.php?rest_route=\/wp\/v2\/media\/39957"}],"wp:attachment":[{"href":"https:\/\/ciudadtrujillo.com\/index.php?rest_route=%2Fwp%2Fv2%2Fmedia&parent=39956"}],"wp:term":[{"taxonomy":"category","embeddable":true,"href":"https:\/\/ciudadtrujillo.com\/index.php?rest_route=%2Fwp%2Fv2%2Fcategories&post=39956"},{"taxonomy":"post_tag","embeddable":true,"href":"https:\/\/ciudadtrujillo.com\/index.php?rest_route=%2Fwp%2Fv2%2Ftags&post=39956"}],"curies":[{"name":"wp","href":"https:\/\/api.w.org\/{rel}","templated":true}]}}