{"id":39874,"date":"2024-10-28T19:28:01","date_gmt":"2024-10-28T23:28:01","guid":{"rendered":"https:\/\/ciudadtrujillo.com\/?p=39874"},"modified":"2024-10-28T19:28:01","modified_gmt":"2024-10-28T23:28:01","slug":"un-total-de-11-824-m%c2%b2-fueron-intervenidos-en-la-modernizacion-del-parque-los-ilustres","status":"publish","type":"post","link":"https:\/\/ciudadtrujillo.com\/?p=39874","title":{"rendered":"Un total de 11.824 m\u00b2 fueron intervenidos en la modernizaci\u00f3n del Parque Los Ilustres"},"content":{"rendered":"<p style=\"text-align: justify;\">A prop\u00f3sito de la reciente reinauguraci\u00f3n del Parque Los Ilustres del municipio Valera, como un regalo del Presidente Nicol\u00e1s Maduro para el pueblo trujillano, propios y visitantes han podido disfrutar de estos espacios modernizados gracias a la labor incansable de todo el equipo que conforma la Secretaria de Infraestructura, integrada por instituciones del gobierno nacional y regional.<\/p>\n<p style=\"text-align: justify;\">En este sentido, tras arduos meses de trabajo el pasado domingo 20 de octubre se llev\u00f3 el acto de entrega de estos espacios recuperados. En total, fueron intervenidos 11.824 metros cuadrados del \u00e1rea con las labores de rehabilitaci\u00f3n y modernizaci\u00f3n desarrolladas en esta obra.<\/p>\n<p style=\"text-align: justify;\">En lo que respecta a la adecuaci\u00f3n de caminer\u00edas se atendieron 6.555 m\u00b2 as\u00ed como la colocaci\u00f3n de 5.368 m\u00b2 de grama, el levantamiento del \u00e1rea rental en 455 m\u00b2 y del estanque con 255 m\u00b2. Cabe destacar que en estos espacios se llev\u00f3 a cabo, adem\u00e1s, la construcci\u00f3n de ba\u00f1os, atenci\u00f3n prehospitalaria, tanque a\u00e9reo de 5.000 litros y subterr\u00e1neo de 26.400 litros, parada de transporte p\u00fablico y sistema de riego.<\/p>\n<p style=\"text-align: justify;\">Es preciso recordar que el Parque Los Ilustres actualmente cuenta con un \u00e1rea infantil, zona rental, m\u00f3dulos deportivos, \u00e1rea de monumentos, kioskos y m\u00f3dulo policial e informaci\u00f3n tur\u00edstica, tal como lo hab\u00eda anunciado el gobernador Gerardo M\u00e1rquez.<\/p>\n<p>&nbsp;<\/p>\n<p>&nbsp;<\/p>\n<h6>Texto y gr\u00e1ficas: Yelimar Hidalgo<\/h6>\n","protected":false},"excerpt":{"rendered":"<p>A prop\u00f3sito de la reciente reinauguraci\u00f3n del Parque Los Ilustres del municipio Valera, como un regalo del Presidente Nicol\u00e1s Maduro para el pueblo trujillano, propios y visitantes han podido disfrutar&hellip; <\/p>\n","protected":false},"author":7,"featured_media":39875,"comment_status":"closed","ping_status":"closed","sticky":false,"template":"","format":"standard","meta":{"footnotes":""},"categories":[40],"tags":[],"class_list":["post-39874","post","type-post","status-publish","format-standard","has-post-thumbnail","hentry","category-grantrujillo"],"_links":{"self":[{"href":"https:\/\/ciudadtrujillo.com\/index.php?rest_route=\/wp\/v2\/posts\/39874","targetHints":{"allow":["GET"]}}],"collection":[{"href":"https:\/\/ciudadtrujillo.com\/index.php?rest_route=\/wp\/v2\/posts"}],"about":[{"href":"https:\/\/ciudadtrujillo.com\/index.php?rest_route=\/wp\/v2\/types\/post"}],"author":[{"embeddable":true,"href":"https:\/\/ciudadtrujillo.com\/index.php?rest_route=\/wp\/v2\/users\/7"}],"replies":[{"embeddable":true,"href":"https:\/\/ciudadtrujillo.com\/index.php?rest_route=%2Fwp%2Fv2%2Fcomments&post=39874"}],"version-history":[{"count":1,"href":"https:\/\/ciudadtrujillo.com\/index.php?rest_route=\/wp\/v2\/posts\/39874\/revisions"}],"predecessor-version":[{"id":39876,"href":"https:\/\/ciudadtrujillo.com\/index.php?rest_route=\/wp\/v2\/posts\/39874\/revisions\/39876"}],"wp:featuredmedia":[{"embeddable":true,"href":"https:\/\/ciudadtrujillo.com\/index.php?rest_route=\/wp\/v2\/media\/39875"}],"wp:attachment":[{"href":"https:\/\/ciudadtrujillo.com\/index.php?rest_route=%2Fwp%2Fv2%2Fmedia&parent=39874"}],"wp:term":[{"taxonomy":"category","embeddable":true,"href":"https:\/\/ciudadtrujillo.com\/index.php?rest_route=%2Fwp%2Fv2%2Fcategories&post=39874"},{"taxonomy":"post_tag","embeddable":true,"href":"https:\/\/ciudadtrujillo.com\/index.php?rest_route=%2Fwp%2Fv2%2Ftags&post=39874"}],"curies":[{"name":"wp","href":"https:\/\/api.w.org\/{rel}","templated":true}]}}