{"id":39871,"date":"2024-10-28T19:25:50","date_gmt":"2024-10-28T23:25:50","guid":{"rendered":"https:\/\/ciudadtrujillo.com\/?p=39871"},"modified":"2024-10-28T19:25:50","modified_gmt":"2024-10-28T23:25:50","slug":"intt-regional-se-despliega-en-la-ciudad-de-las-siete-colinas-para-velar-por-la-seguridad-vial","status":"publish","type":"post","link":"https:\/\/ciudadtrujillo.com\/?p=39871","title":{"rendered":"INTT regional se despliega en la Ciudad de las Siete Colinas para velar por la seguridad vial"},"content":{"rendered":"<p style=\"text-align: justify;\">Con el objetivo de seguir promoviendo la educaci\u00f3n vial para prevenir y disminuir los accidentes de tr\u00e1nsito, los funcionarios del INTT regional se desplegaron en la avenida Bol\u00edvar del municipio Valera en aras de orientar tanto a conductores como peatones sobre el uso adecuado del cintur\u00f3n de seguridad, la importancia del casco para motorizados as\u00ed como las normas de circulaci\u00f3n.<\/p>\n<p style=\"text-align: justify;\">Durante la actividad los funcionarios tambi\u00e9n verificaron el cobro justo de las tarifas del pasaje y brindaron atenci\u00f3n a los usuarios de las unidades de transporte p\u00fablico.<\/p>\n<p style=\"text-align: justify;\">Cabe destacar que dichos abordajes se realizan para fomentar una cultura vial proactiva que resguarde la integridad y seguridad tanto de peatones como conductores.<\/p>\n<p>&nbsp;<\/p>\n<p>&nbsp;<\/p>\n<h6>Yarlenis Albarr\u00e1n<\/h6>\n","protected":false},"excerpt":{"rendered":"<p>Con el objetivo de seguir promoviendo la educaci\u00f3n vial para prevenir y disminuir los accidentes de tr\u00e1nsito, los funcionarios del INTT regional se desplegaron en la avenida Bol\u00edvar del municipio&hellip; <\/p>\n","protected":false},"author":7,"featured_media":39872,"comment_status":"closed","ping_status":"closed","sticky":false,"template":"","format":"standard","meta":{"footnotes":""},"categories":[40],"tags":[],"class_list":["post-39871","post","type-post","status-publish","format-standard","has-post-thumbnail","hentry","category-grantrujillo"],"_links":{"self":[{"href":"https:\/\/ciudadtrujillo.com\/index.php?rest_route=\/wp\/v2\/posts\/39871","targetHints":{"allow":["GET"]}}],"collection":[{"href":"https:\/\/ciudadtrujillo.com\/index.php?rest_route=\/wp\/v2\/posts"}],"about":[{"href":"https:\/\/ciudadtrujillo.com\/index.php?rest_route=\/wp\/v2\/types\/post"}],"author":[{"embeddable":true,"href":"https:\/\/ciudadtrujillo.com\/index.php?rest_route=\/wp\/v2\/users\/7"}],"replies":[{"embeddable":true,"href":"https:\/\/ciudadtrujillo.com\/index.php?rest_route=%2Fwp%2Fv2%2Fcomments&post=39871"}],"version-history":[{"count":1,"href":"https:\/\/ciudadtrujillo.com\/index.php?rest_route=\/wp\/v2\/posts\/39871\/revisions"}],"predecessor-version":[{"id":39873,"href":"https:\/\/ciudadtrujillo.com\/index.php?rest_route=\/wp\/v2\/posts\/39871\/revisions\/39873"}],"wp:featuredmedia":[{"embeddable":true,"href":"https:\/\/ciudadtrujillo.com\/index.php?rest_route=\/wp\/v2\/media\/39872"}],"wp:attachment":[{"href":"https:\/\/ciudadtrujillo.com\/index.php?rest_route=%2Fwp%2Fv2%2Fmedia&parent=39871"}],"wp:term":[{"taxonomy":"category","embeddable":true,"href":"https:\/\/ciudadtrujillo.com\/index.php?rest_route=%2Fwp%2Fv2%2Fcategories&post=39871"},{"taxonomy":"post_tag","embeddable":true,"href":"https:\/\/ciudadtrujillo.com\/index.php?rest_route=%2Fwp%2Fv2%2Ftags&post=39871"}],"curies":[{"name":"wp","href":"https:\/\/api.w.org\/{rel}","templated":true}]}}