{"id":39868,"date":"2024-10-28T19:21:48","date_gmt":"2024-10-28T23:21:48","guid":{"rendered":"https:\/\/ciudadtrujillo.com\/?p=39868"},"modified":"2024-10-28T19:21:48","modified_gmt":"2024-10-28T23:21:48","slug":"arranco-la-ruta-comunal-navidena-2024-en-la-entidad","status":"publish","type":"post","link":"https:\/\/ciudadtrujillo.com\/?p=39868","title":{"rendered":"Arranc\u00f3 la Ruta Comunal Navide\u00f1a 2024 en la entidad"},"content":{"rendered":"<p style=\"text-align: justify;\">Gaitas, villancicos y mucho m\u00e1s fueron parte del Parrand\u00f3n que se realiz\u00f3 en la Base de Misiones \u00abYenny Mor\u00f3n\u00bb del municipio Pampanito, con el inicio de la Ruta Comunal Navide\u00f1a 2024, una programaci\u00f3n enmarcada en la primera cumbre de la Gran Misi\u00f3n Viva Venezuela mi Patria Querida e impulsada por la Fundaci\u00f3n Misi\u00f3n Cultura en uni\u00f3n con el Gobierno Bolivariano de Trujillo, liderado por el My. Gerardo M\u00e1rquez, a trav\u00e9s del Instituto de la Cultura y las Artes del estado Trujillo.<\/p>\n<p style=\"text-align: justify;\">El encuentro fue un sabroso compartir art\u00edstico que cont\u00f3 con la participaci\u00f3n de la Escuela de Canto Conticinio, los Semilleros de Al\u00ed Primera, los Hermanos Linares, Solidaridad, Los Traviesos y diferentes agrupaciones danc\u00edsticas, quienes dieron la nota a una noche llena m\u00fasica, algarab\u00eda y celebraci\u00f3n.<\/p>\n<p style=\"text-align: justify;\">Este encuentro sigue las lineas de trabajo desarradas por el Profesor Tem\u00edstocles Cabezas Morales, Autoridad \u00danica de la Cultura en la entidad y cont\u00f3 con el respaldo la Alcald\u00eda del municipio Pampanito, consejos comunales y artistas locales, quienes pudieron dar rienda suelta a su talento, dando muestra del potencial de los trujillanos.<\/p>\n<p style=\"text-align: justify;\">La Ruta es una programaci\u00f3n completa que llevar\u00e1 m\u00fasica, danza y tradici\u00f3n a cada rinc\u00f3n de la regi\u00f3n, con la finalidad proyectar nuestra cultura, as\u00ed dar a conocer los talentos locales, revalorizando nuestra identidad. Esto en respuesta a las pol\u00edticas culturales del Presidente de la Rep\u00fablica Nicol\u00e1s Maduro Moros.<\/p>\n<p>&nbsp;<\/p>\n<p>&nbsp;<\/p>\n<h6>Incaet \/ Viviana Cegarra Soto\/Gr\u00e1ficas: Cortes\u00eda<\/h6>\n","protected":false},"excerpt":{"rendered":"<p>Gaitas, villancicos y mucho m\u00e1s fueron parte del Parrand\u00f3n que se realiz\u00f3 en la Base de Misiones \u00abYenny Mor\u00f3n\u00bb del municipio Pampanito, con el inicio de la Ruta Comunal Navide\u00f1a&hellip; <\/p>\n","protected":false},"author":7,"featured_media":39869,"comment_status":"closed","ping_status":"closed","sticky":false,"template":"","format":"standard","meta":{"footnotes":""},"categories":[40],"tags":[],"class_list":["post-39868","post","type-post","status-publish","format-standard","has-post-thumbnail","hentry","category-grantrujillo"],"_links":{"self":[{"href":"https:\/\/ciudadtrujillo.com\/index.php?rest_route=\/wp\/v2\/posts\/39868","targetHints":{"allow":["GET"]}}],"collection":[{"href":"https:\/\/ciudadtrujillo.com\/index.php?rest_route=\/wp\/v2\/posts"}],"about":[{"href":"https:\/\/ciudadtrujillo.com\/index.php?rest_route=\/wp\/v2\/types\/post"}],"author":[{"embeddable":true,"href":"https:\/\/ciudadtrujillo.com\/index.php?rest_route=\/wp\/v2\/users\/7"}],"replies":[{"embeddable":true,"href":"https:\/\/ciudadtrujillo.com\/index.php?rest_route=%2Fwp%2Fv2%2Fcomments&post=39868"}],"version-history":[{"count":1,"href":"https:\/\/ciudadtrujillo.com\/index.php?rest_route=\/wp\/v2\/posts\/39868\/revisions"}],"predecessor-version":[{"id":39870,"href":"https:\/\/ciudadtrujillo.com\/index.php?rest_route=\/wp\/v2\/posts\/39868\/revisions\/39870"}],"wp:featuredmedia":[{"embeddable":true,"href":"https:\/\/ciudadtrujillo.com\/index.php?rest_route=\/wp\/v2\/media\/39869"}],"wp:attachment":[{"href":"https:\/\/ciudadtrujillo.com\/index.php?rest_route=%2Fwp%2Fv2%2Fmedia&parent=39868"}],"wp:term":[{"taxonomy":"category","embeddable":true,"href":"https:\/\/ciudadtrujillo.com\/index.php?rest_route=%2Fwp%2Fv2%2Fcategories&post=39868"},{"taxonomy":"post_tag","embeddable":true,"href":"https:\/\/ciudadtrujillo.com\/index.php?rest_route=%2Fwp%2Fv2%2Ftags&post=39868"}],"curies":[{"name":"wp","href":"https:\/\/api.w.org\/{rel}","templated":true}]}}