{"id":39856,"date":"2024-10-28T17:15:17","date_gmt":"2024-10-28T21:15:17","guid":{"rendered":"https:\/\/ciudadtrujillo.com\/?p=39856"},"modified":"2024-10-28T17:15:17","modified_gmt":"2024-10-28T21:15:17","slug":"onu-denuncia-violaciones-de-dd-hh-provocadas-por-las-far-en-sudan","status":"publish","type":"post","link":"https:\/\/ciudadtrujillo.com\/?p=39856","title":{"rendered":"ONU denuncia \u00abviolaciones de DD. HH.\u00bb provocadas por las FAR en Sud\u00e1n"},"content":{"rendered":"<p style=\"text-align: justify;\">La Oficina de la Organizaci\u00f3n de las Naciones Unidas (ONU) para la Coordinaci\u00f3n de Asuntos Humanitarios (OCHA) comunic\u00f3, en un informe, que la agresi\u00f3n de las Fuerzas de Apoyo R\u00e1pido (FAR) en el centro-este de Sud\u00e1n caus\u00f3 \u00abgraves violaciones de los derechos humanos\u00bb.<\/p>\n<p style=\"text-align: justify;\">Seg\u00fan la organizaci\u00f3n, los combatientes de las FAR saquearon mercados y viviendas, incendiaron granjas y agredieron a los habitantes de los pueblos de Safita Ghanoubab, Al Hilaliya y Al Aziba, lo que los oblig\u00f3 a huir en busca de seguridad. La OCHA afirm\u00f3 que, entre el 20 y el 25 de octubre, las FAR lanzaron un ataque en el este de Al Jazirah, en el que \u00abdispararon a civiles y cometieron actos de violencia sexual contra mujeres y ni\u00f1as\u00bb, lo que provoc\u00f3 una \u00abdevastaci\u00f3n generalizada\u00bb.<\/p>\n<p style=\"text-align: justify;\">Por su parte, la coordinadora de la OCHA en Sud\u00e1n, Clementine Nkweta-Salami, manifest\u00f3 su \u00abprofunda preocupaci\u00f3n\u00bb por la escalada de violencia y el deceso de decenas de personas en los \u00faltimos ataques paramilitares que afectaron a estas localidades. La funcionaria afirm\u00f3 tambi\u00e9n que \u00abel derecho internacional humanitario proh\u00edbe atacar a civiles, bienes civiles e infraestructuras p\u00fablicas. Es inaceptable y debe cesar de inmediato. Los civiles deben recibir protecci\u00f3n dondequiera que se encuentren\u00bb.<\/p>\n<p style=\"text-align: justify;\">De acuerdo con la ONU, Sud\u00e1n se ha convertido en el pa\u00eds con la mayor crisis de desplazamiento interno del mundo, debido a que el Ej\u00e9rcito sudan\u00e9s y las FAR, se encuentran en un violento conflicto que, desde el 15 de abril de 2023, ha causado miles de fallecidos y ha forzado a m\u00e1s de 10 millones de personas a abandonar sus hogares.<\/p>\n<p>&nbsp;<\/p>\n<p>&nbsp;<\/p>\n<h6>VTV<\/h6>\n","protected":false},"excerpt":{"rendered":"<p>La Oficina de la Organizaci\u00f3n de las Naciones Unidas (ONU) para la Coordinaci\u00f3n de Asuntos Humanitarios (OCHA) comunic\u00f3, en un informe, que la agresi\u00f3n de las Fuerzas de Apoyo R\u00e1pido&hellip; <\/p>\n","protected":false},"author":7,"featured_media":39857,"comment_status":"closed","ping_status":"closed","sticky":false,"template":"","format":"standard","meta":{"footnotes":""},"categories":[42],"tags":[],"class_list":["post-39856","post","type-post","status-publish","format-standard","has-post-thumbnail","hentry","category-mundo"],"_links":{"self":[{"href":"https:\/\/ciudadtrujillo.com\/index.php?rest_route=\/wp\/v2\/posts\/39856","targetHints":{"allow":["GET"]}}],"collection":[{"href":"https:\/\/ciudadtrujillo.com\/index.php?rest_route=\/wp\/v2\/posts"}],"about":[{"href":"https:\/\/ciudadtrujillo.com\/index.php?rest_route=\/wp\/v2\/types\/post"}],"author":[{"embeddable":true,"href":"https:\/\/ciudadtrujillo.com\/index.php?rest_route=\/wp\/v2\/users\/7"}],"replies":[{"embeddable":true,"href":"https:\/\/ciudadtrujillo.com\/index.php?rest_route=%2Fwp%2Fv2%2Fcomments&post=39856"}],"version-history":[{"count":1,"href":"https:\/\/ciudadtrujillo.com\/index.php?rest_route=\/wp\/v2\/posts\/39856\/revisions"}],"predecessor-version":[{"id":39858,"href":"https:\/\/ciudadtrujillo.com\/index.php?rest_route=\/wp\/v2\/posts\/39856\/revisions\/39858"}],"wp:featuredmedia":[{"embeddable":true,"href":"https:\/\/ciudadtrujillo.com\/index.php?rest_route=\/wp\/v2\/media\/39857"}],"wp:attachment":[{"href":"https:\/\/ciudadtrujillo.com\/index.php?rest_route=%2Fwp%2Fv2%2Fmedia&parent=39856"}],"wp:term":[{"taxonomy":"category","embeddable":true,"href":"https:\/\/ciudadtrujillo.com\/index.php?rest_route=%2Fwp%2Fv2%2Fcategories&post=39856"},{"taxonomy":"post_tag","embeddable":true,"href":"https:\/\/ciudadtrujillo.com\/index.php?rest_route=%2Fwp%2Fv2%2Ftags&post=39856"}],"curies":[{"name":"wp","href":"https:\/\/api.w.org\/{rel}","templated":true}]}}