{"id":39829,"date":"2024-10-27T21:33:46","date_gmt":"2024-10-28T01:33:46","guid":{"rendered":"https:\/\/ciudadtrujillo.com\/?p=39829"},"modified":"2024-10-27T21:33:46","modified_gmt":"2024-10-28T01:33:46","slug":"presentan-proyecto-de-restauracion-de-casa-natal-de-antonio-nicolas-briceno","status":"publish","type":"post","link":"https:\/\/ciudadtrujillo.com\/?p=39829","title":{"rendered":"Presentan proyecto de Restauraci\u00f3n de Casa Natal de Antonio Nicol\u00e1s Brice\u00f1o"},"content":{"rendered":"<p style=\"text-align: justify;\">La Gobernaci\u00f3n del estado Trujillo, por medio del Instituto de la Cultura y las Artes (Incaet), present\u00f3 p\u00fablicamente el Proyecto de Restauraci\u00f3n y puesta en valor de la Casa Natal del pr\u00f3cer Antonio Nicol\u00e1s Brice\u00f1o, ubicada en la parroquia Mendoza del Valle de Momboy, del municipio Valera.<\/p>\n<p style=\"text-align: justify;\">Bajo la direcci\u00f3n del profesor Tem\u00edstocles Cabezas, autoridad \u00fanica de Cultura, la licenciada Ang\u00e9lica D\u2019 Santiago, directora general del Incaet y su equipo de trabajo, se realiz\u00f3 la presentaci\u00f3n del proyecto dirigido a rescatar la patrimonial infraestructura domiciliaria de este ilustre de la patria, teniendo como meta de culminaci\u00f3n de la misma, el mes de abril del pr\u00f3ximo a\u00f1o.<\/p>\n<p style=\"text-align: justify;\">La finalidad del proyecto arquitect\u00f3nico es preservar las caracter\u00edsticas de los urbanismos de 180O, colocando al frente de la restauraci\u00f3n profesionales que garanticen la conservaci\u00f3n de la estructura original.<\/p>\n<p style=\"text-align: justify;\">Entre las mejoras a realizar se contemplan obras de musealizaci\u00f3n en las \u00e1reas internas de la vivienda, remozar la fachada y restauraci\u00f3n de elementos de madera.<\/p>\n<p>&nbsp;<\/p>\n<p>&nbsp;<\/p>\n<h6>Prensa Incaet\/ Griselda Castellanos<\/h6>\n","protected":false},"excerpt":{"rendered":"<p>La Gobernaci\u00f3n del estado Trujillo, por medio del Instituto de la Cultura y las Artes (Incaet), present\u00f3 p\u00fablicamente el Proyecto de Restauraci\u00f3n y puesta en valor de la Casa Natal&hellip; <\/p>\n","protected":false},"author":7,"featured_media":39830,"comment_status":"closed","ping_status":"closed","sticky":false,"template":"","format":"standard","meta":{"footnotes":""},"categories":[40],"tags":[],"class_list":["post-39829","post","type-post","status-publish","format-standard","has-post-thumbnail","hentry","category-grantrujillo"],"_links":{"self":[{"href":"https:\/\/ciudadtrujillo.com\/index.php?rest_route=\/wp\/v2\/posts\/39829","targetHints":{"allow":["GET"]}}],"collection":[{"href":"https:\/\/ciudadtrujillo.com\/index.php?rest_route=\/wp\/v2\/posts"}],"about":[{"href":"https:\/\/ciudadtrujillo.com\/index.php?rest_route=\/wp\/v2\/types\/post"}],"author":[{"embeddable":true,"href":"https:\/\/ciudadtrujillo.com\/index.php?rest_route=\/wp\/v2\/users\/7"}],"replies":[{"embeddable":true,"href":"https:\/\/ciudadtrujillo.com\/index.php?rest_route=%2Fwp%2Fv2%2Fcomments&post=39829"}],"version-history":[{"count":1,"href":"https:\/\/ciudadtrujillo.com\/index.php?rest_route=\/wp\/v2\/posts\/39829\/revisions"}],"predecessor-version":[{"id":39831,"href":"https:\/\/ciudadtrujillo.com\/index.php?rest_route=\/wp\/v2\/posts\/39829\/revisions\/39831"}],"wp:featuredmedia":[{"embeddable":true,"href":"https:\/\/ciudadtrujillo.com\/index.php?rest_route=\/wp\/v2\/media\/39830"}],"wp:attachment":[{"href":"https:\/\/ciudadtrujillo.com\/index.php?rest_route=%2Fwp%2Fv2%2Fmedia&parent=39829"}],"wp:term":[{"taxonomy":"category","embeddable":true,"href":"https:\/\/ciudadtrujillo.com\/index.php?rest_route=%2Fwp%2Fv2%2Fcategories&post=39829"},{"taxonomy":"post_tag","embeddable":true,"href":"https:\/\/ciudadtrujillo.com\/index.php?rest_route=%2Fwp%2Fv2%2Ftags&post=39829"}],"curies":[{"name":"wp","href":"https:\/\/api.w.org\/{rel}","templated":true}]}}