{"id":39823,"date":"2024-10-27T21:26:00","date_gmt":"2024-10-28T01:26:00","guid":{"rendered":"https:\/\/ciudadtrujillo.com\/?p=39823"},"modified":"2024-10-27T21:26:00","modified_gmt":"2024-10-28T01:26:00","slug":"presidente-nicolas-maduro-tras-regreso-de-cumbre-brics-venezuela-cumplio-una-tarea-impecable","status":"publish","type":"post","link":"https:\/\/ciudadtrujillo.com\/?p=39823","title":{"rendered":"Presidente Nicol\u00e1s Maduro tras regreso de cumbre BRICS: Venezuela cumpli\u00f3 una tarea impecable"},"content":{"rendered":"<p style=\"text-align: justify;\">El Presidente de la Rep\u00fablica Bolivariana de Venezuela, Nicol\u00e1s Maduro, arrib\u00f3 este s\u00e1bado, en horas de la noche al Aeropuerto Internacional Sim\u00f3n Bol\u00edvar de Maiquet\u00eda, en el estado La Guaira, luego de su exitosa participaci\u00f3n en la Cumbre de los BRICS, la cual se desarroll\u00f3 en la ciudad de Kaz\u00e1n, Rusia, desde el 22 hasta el 24 de octubre.<\/p>\n<p style=\"text-align: justify;\">\u201cHemos cumplido una tarea de manera impecable, al llevar la verdad de Venezuela con su fuerza moral, bolivariana y revolucionaria al mundo. Muchos pa\u00edses escuchan con felicidad y admiraci\u00f3n, la palabra que llevamos en nombre de todo un pueblo\u201d, expres\u00f3 el jefe de Estado.<\/p>\n<p style=\"text-align: justify;\">Indic\u00f3 que en la cumbre de los BRICS Venezuela sostuvo encuentros y reuniones con m\u00e1s de 30 pa\u00edses. \u201cFueron muy satisfactorios, extraordinarias relaciones basadas en el respeto. Adem\u00e1s, nos ratificaron su admiraci\u00f3n por Venezuela y dieron sus felicitaciones expresas por el gran triunfo electoral del pasado 28 julio\u201d.<\/p>\n<p style=\"text-align: justify;\">El presidente Maduro dijo que los jefes de Estado expresaron su confianza en el destino que tiene la tierra de El Libertador Sim\u00f3n Bol\u00edvar. \u201cAyer [viernes], el pueblo de Argelia record\u00f3 al Comandante Hugo Ch\u00e1vez en sus calles y ciudades, porque los pueblos recuerdan a los valientes que luchan y dicen la verdad\u201d, sostuvo.<\/p>\n<h3 style=\"text-align: justify;\">Nadie puede callar la voz de Venezuela<\/h3>\n<p style=\"text-align: justify;\">Por otra parte, el jefe de Estado record\u00f3 que en el pasado muchos agentes adversos a Venezuela trataron de callar su voz en espacios internacionales; sin embargo, sus prop\u00f3sitos no tuvieron resultados positivos. \u201cSe secaron, desaparecieron y cayeron en el basural de la historia\u201d, expres\u00f3.<\/p>\n<p style=\"text-align: justify;\">Alert\u00f3 a todos los pa\u00edses que intenten atentar contra los intereses de Venezuela que no existe nadie que calle la voz de rebeld\u00eda y de justicia del pueblo. \u201cNadie vetar\u00e1 ni callar\u00e1 a Venezuela y, el que lo intente, se secar\u00e1\u201d.<\/p>\n<p style=\"text-align: justify;\">Se\u00f1al\u00f3 que Venezuela articula planes de integraci\u00f3n con diversos pa\u00edses del BRICS relacionados con la econom\u00eda, energ\u00eda, comercio, ciencia, tecnolog\u00eda, educaci\u00f3n, cultura, entre otros. \u201cEs un esfuerzo diario por la paz y rechazamos el genocidio de Israel contra Palestina y el L\u00edbano, esas verdades las manifestamos en la cumbre del BRICS\u201d<\/p>\n<p style=\"text-align: justify;\">Finalmente, el presidente Nicol\u00e1s Maduro enfatiz\u00f3 que la participaci\u00f3n de Venezuela en la Cumbre de los BRICS puede calificarse como \u201cestelar, ejemplar y hermosa porque ratifica plenamente que estamos correcto del lado correcto de la historia y a la vanguardia del mundo nuevo que ha nacido\u201d.<\/p>\n<p>&nbsp;<\/p>\n<p>&nbsp;<\/p>\n<h6>VTV<\/h6>\n","protected":false},"excerpt":{"rendered":"<p>El Presidente de la Rep\u00fablica Bolivariana de Venezuela, Nicol\u00e1s Maduro, arrib\u00f3 este s\u00e1bado, en horas de la noche al Aeropuerto Internacional Sim\u00f3n Bol\u00edvar de Maiquet\u00eda, en el estado La Guaira,&hellip; <\/p>\n","protected":false},"author":7,"featured_media":39824,"comment_status":"closed","ping_status":"closed","sticky":false,"template":"","format":"standard","meta":{"footnotes":""},"categories":[41],"tags":[],"class_list":["post-39823","post","type-post","status-publish","format-standard","has-post-thumbnail","hentry","category-pais"],"_links":{"self":[{"href":"https:\/\/ciudadtrujillo.com\/index.php?rest_route=\/wp\/v2\/posts\/39823","targetHints":{"allow":["GET"]}}],"collection":[{"href":"https:\/\/ciudadtrujillo.com\/index.php?rest_route=\/wp\/v2\/posts"}],"about":[{"href":"https:\/\/ciudadtrujillo.com\/index.php?rest_route=\/wp\/v2\/types\/post"}],"author":[{"embeddable":true,"href":"https:\/\/ciudadtrujillo.com\/index.php?rest_route=\/wp\/v2\/users\/7"}],"replies":[{"embeddable":true,"href":"https:\/\/ciudadtrujillo.com\/index.php?rest_route=%2Fwp%2Fv2%2Fcomments&post=39823"}],"version-history":[{"count":1,"href":"https:\/\/ciudadtrujillo.com\/index.php?rest_route=\/wp\/v2\/posts\/39823\/revisions"}],"predecessor-version":[{"id":39825,"href":"https:\/\/ciudadtrujillo.com\/index.php?rest_route=\/wp\/v2\/posts\/39823\/revisions\/39825"}],"wp:featuredmedia":[{"embeddable":true,"href":"https:\/\/ciudadtrujillo.com\/index.php?rest_route=\/wp\/v2\/media\/39824"}],"wp:attachment":[{"href":"https:\/\/ciudadtrujillo.com\/index.php?rest_route=%2Fwp%2Fv2%2Fmedia&parent=39823"}],"wp:term":[{"taxonomy":"category","embeddable":true,"href":"https:\/\/ciudadtrujillo.com\/index.php?rest_route=%2Fwp%2Fv2%2Fcategories&post=39823"},{"taxonomy":"post_tag","embeddable":true,"href":"https:\/\/ciudadtrujillo.com\/index.php?rest_route=%2Fwp%2Fv2%2Ftags&post=39823"}],"curies":[{"name":"wp","href":"https:\/\/api.w.org\/{rel}","templated":true}]}}