{"id":39820,"date":"2024-10-27T19:04:35","date_gmt":"2024-10-27T23:04:35","guid":{"rendered":"https:\/\/ciudadtrujillo.com\/?p=39820"},"modified":"2024-10-27T19:04:35","modified_gmt":"2024-10-27T23:04:35","slug":"el-orfeon-de-la-ucv-muestra-en-europa-la-mejor-cara-del-pais","status":"publish","type":"post","link":"https:\/\/ciudadtrujillo.com\/?p=39820","title":{"rendered":"El Orfe\u00f3n de la UCV muestra en Europa la mejor cara del pa\u00eds"},"content":{"rendered":"<p style=\"text-align: justify;\">Seg\u00fan el maestro Ra\u00fal L\u00f3pez Moreno, director del Orfe\u00f3n Universitario de la Universidad Central de Venezuela, las giras y los \u00e9xitos internacionales sirven para observarse en perspectiva, m\u00e1s que para medirse frente a otros.<\/p>\n<p style=\"text-align: justify;\">Su reflexi\u00f3n, desde el otro extremo de la l\u00ednea telef\u00f3nica allende las fronteras, se produce en el contexto de los 80 a\u00f1os bien celebrados del Orfe\u00f3n y el triunfo cosechado tras su presentaci\u00f3n en el Concurso Internacional Gaude Cantem de Polonia, donde alcanzaron el primer lugar en dos categor\u00edas: Diploma de Oro en Coro Mixto y el Premio del P\u00fablico, al que se accede por votaci\u00f3n popular v\u00eda internet.<\/p>\n<p style=\"text-align: justify;\">Mesurado, L\u00f3pez Moreno saborea las mieles de la victoria aclarando que, despu\u00e9s de muchos a\u00f1os de no poder salir del pa\u00eds, finalmente y con apoyo gubernamental han retomado esa antigua tradici\u00f3n de emprender giras dentro y fuera de la patria desde hace dos a\u00f1os, lo que les viene permitiendo exponer su alto nivel y sobre todo, elevar el nombre de Venezuela.<\/p>\n<p style=\"text-align: justify;\">\u201cNos reconocen como un pa\u00eds con un fuerte movimiento art\u00edstico y una s\u00f3lida preparaci\u00f3n de sus agrupaciones, lo que nos deja saber que gustan de nuestra m\u00fasica tradicional. Es un privilegio tremendo y una responsabilidad mostrar siempre la mejor cara del pa\u00eds\u201d.<br \/>\nDespegaron de Venezuela el 11 de octubre y el 13 y 14 ofrecieron sus primeros recitales en Madrid. El 17 se enrumbaron a Bielsko-Bia\u0142a, al sur de Polonia, donde se mantuvieron hasta el 23 y el 24 regresaron a Espa\u00f1a, espec\u00edficamente a la ciudad de Barcelona, donde han estado participando en festivales hasta el 28, cuando toman el vuelo que los trae de vuelta.<\/p>\n<p style=\"text-align: justify;\">\u201cHemos tratado de que nuestras presentaciones sean en el marco de alg\u00fan evento para tener la oportunidad de intercambiar nuestra experiencia musical y disfrutar la de otros pa\u00edses, que nos permitan enriquecernos con las propuestas que son tendencia a nivel internacional\u201d enfatiza L\u00f3pez.<\/p>\n<p style=\"text-align: justify;\">Significativa fue su audiencia (la mayor\u00eda venezolana) en la comunidad de Valdebernardo, en el extrarradio madrile\u00f1o, que desbord\u00f3 las instalaciones del centro cultural donde ofrecieron su recital, por lo que la administraci\u00f3n se vio obligada a abrir las puertas e instalar sillas adicionales. \u201cY sin embargo qued\u00f3 mucha gente de pie\u201d.<\/p>\n<p style=\"text-align: justify;\">Cuenta el director del Orfe\u00f3n Universitario desde 2012, que esa experiencia se reedit\u00f3 el 14 en la Escuela Superior de Canto de Madrid, con la diferencia de que all\u00ed s\u00ed contuvieron el exceso de p\u00fablico por las caracter\u00edsticas patrimoniales de las instalaciones.<\/p>\n<p style=\"text-align: justify;\">En Bielsko-Bia\u0142a intervinieron en un taller montaje de tres obras con algunos coros y de all\u00ed se presentaron en la gala inaugural del Festival Gaude Cantem junto a prominentes m\u00fasicos polacos, lo que signific\u00f3 para la agrupaci\u00f3n coral criolla una jornada de aprendizaje \u201cmuy importante\u201d.<\/p>\n<p style=\"text-align: justify;\">En Ligota, un peque\u00f1o pueblo de 250 habitantes en el coraz\u00f3n de Polonia, vivieron la hermosa experiencia de un concierto comunitario.<\/p>\n<p>&nbsp;<\/p>\n<p>&nbsp;<\/p>\n<h6>\u00daltimas Noticias<\/h6>\n","protected":false},"excerpt":{"rendered":"<p>Seg\u00fan el maestro Ra\u00fal L\u00f3pez Moreno, director del Orfe\u00f3n Universitario de la Universidad Central de Venezuela, las giras y los \u00e9xitos internacionales sirven para observarse en perspectiva, m\u00e1s que para&hellip; <\/p>\n","protected":false},"author":7,"featured_media":39821,"comment_status":"closed","ping_status":"closed","sticky":false,"template":"","format":"standard","meta":{"footnotes":""},"categories":[46],"tags":[],"class_list":["post-39820","post","type-post","status-publish","format-standard","has-post-thumbnail","hentry","category-cultura"],"_links":{"self":[{"href":"https:\/\/ciudadtrujillo.com\/index.php?rest_route=\/wp\/v2\/posts\/39820","targetHints":{"allow":["GET"]}}],"collection":[{"href":"https:\/\/ciudadtrujillo.com\/index.php?rest_route=\/wp\/v2\/posts"}],"about":[{"href":"https:\/\/ciudadtrujillo.com\/index.php?rest_route=\/wp\/v2\/types\/post"}],"author":[{"embeddable":true,"href":"https:\/\/ciudadtrujillo.com\/index.php?rest_route=\/wp\/v2\/users\/7"}],"replies":[{"embeddable":true,"href":"https:\/\/ciudadtrujillo.com\/index.php?rest_route=%2Fwp%2Fv2%2Fcomments&post=39820"}],"version-history":[{"count":1,"href":"https:\/\/ciudadtrujillo.com\/index.php?rest_route=\/wp\/v2\/posts\/39820\/revisions"}],"predecessor-version":[{"id":39822,"href":"https:\/\/ciudadtrujillo.com\/index.php?rest_route=\/wp\/v2\/posts\/39820\/revisions\/39822"}],"wp:featuredmedia":[{"embeddable":true,"href":"https:\/\/ciudadtrujillo.com\/index.php?rest_route=\/wp\/v2\/media\/39821"}],"wp:attachment":[{"href":"https:\/\/ciudadtrujillo.com\/index.php?rest_route=%2Fwp%2Fv2%2Fmedia&parent=39820"}],"wp:term":[{"taxonomy":"category","embeddable":true,"href":"https:\/\/ciudadtrujillo.com\/index.php?rest_route=%2Fwp%2Fv2%2Fcategories&post=39820"},{"taxonomy":"post_tag","embeddable":true,"href":"https:\/\/ciudadtrujillo.com\/index.php?rest_route=%2Fwp%2Fv2%2Ftags&post=39820"}],"curies":[{"name":"wp","href":"https:\/\/api.w.org\/{rel}","templated":true}]}}