{"id":39817,"date":"2024-10-27T19:02:25","date_gmt":"2024-10-27T23:02:25","guid":{"rendered":"https:\/\/ciudadtrujillo.com\/?p=39817"},"modified":"2024-10-27T19:02:25","modified_gmt":"2024-10-27T23:02:25","slug":"ildemaro-vargas-se-uniformara-el-31-de-octubre","status":"publish","type":"post","link":"https:\/\/ciudadtrujillo.com\/?p=39817","title":{"rendered":"Ildemaro Vargas se uniformar\u00e1 el 31 de octubre"},"content":{"rendered":"<p style=\"text-align: justify;\">Los Cardenales de Lara contin\u00faan blindando su roster de cara al final del primer mes de campa\u00f1a regular. Este domingo, los crepusculares recibieron la incorporaci\u00f3n del grandeliga, Ildemaro Vargas.<\/p>\n<p style=\"text-align: justify;\">A medida que avanza la campa\u00f1a, los larenses seguir\u00e1n recibiendo incorporaciones de lujo, como es el caso de Luisangel Acu\u00f1a, Carlos Narv\u00e1ez, entre otros peloteros que estar\u00e1n con los crepusculares para intentar regresar a una final de la liga, como fue el caso de la campa\u00f1a 2023-2024.<\/p>\n<p style=\"text-align: justify;\">Ildemaro Vargas viene de disputar una campa\u00f1a en MLB con los Nacionales de Washington, equipo con el que bate\u00f3 para .248, con 67 inatrapables, 16 dobles (marca personal), un cuadrangular, 30 carreras impulsadas, 21 carreras anotadas, 19 bases por bolas negociadas en 97 compromisos disputados.<\/p>\n<p style=\"text-align: justify;\">Tras su incorporaci\u00f3n al conjunto crepuscular, el infielder expres\u00f3 estar contento por estar con la novena larense una zafra m\u00e1s y que trabajar\u00e1n para llegar a los playoffs de la liga.<\/p>\n<p style=\"text-align: justify;\">\u201cPara m\u00ed es muy importante estar con el equipo. Cardenales es todo para m\u00ed como jugador profesional. Ac\u00e1 estoy para dar lo mejor de m\u00ed siempre\u201d, se\u00f1al\u00f3 Vargas.<\/p>\n<p style=\"text-align: justify;\">Asimismo, el grandeliga de los Nats afirm\u00f3 que, ten\u00eda pensado estrenarse con el equipo para mediados de noviembre, pero adelantar\u00e1 su debut, para el 30 de octubre.<\/p>\n<p style=\"text-align: justify;\">\u201cIba a debutar el mes que viene, pero llegamos a un buen acuerdo para adelantar mi debut para el 31 de octubre, contra Caribes de Anzo\u00e1tegui\u201d, finaliz\u00f3 el infielder crepuscular.<\/p>\n<p style=\"text-align: justify;\">\n<h6 style=\"text-align: justify;\">L\u00edder<\/h6>\n","protected":false},"excerpt":{"rendered":"<p>Los Cardenales de Lara contin\u00faan blindando su roster de cara al final del primer mes de campa\u00f1a regular. Este domingo, los crepusculares recibieron la incorporaci\u00f3n del grandeliga, Ildemaro Vargas. A&hellip; <\/p>\n","protected":false},"author":7,"featured_media":39818,"comment_status":"closed","ping_status":"closed","sticky":false,"template":"","format":"standard","meta":{"footnotes":""},"categories":[44],"tags":[],"class_list":["post-39817","post","type-post","status-publish","format-standard","has-post-thumbnail","hentry","category-deportes"],"_links":{"self":[{"href":"https:\/\/ciudadtrujillo.com\/index.php?rest_route=\/wp\/v2\/posts\/39817","targetHints":{"allow":["GET"]}}],"collection":[{"href":"https:\/\/ciudadtrujillo.com\/index.php?rest_route=\/wp\/v2\/posts"}],"about":[{"href":"https:\/\/ciudadtrujillo.com\/index.php?rest_route=\/wp\/v2\/types\/post"}],"author":[{"embeddable":true,"href":"https:\/\/ciudadtrujillo.com\/index.php?rest_route=\/wp\/v2\/users\/7"}],"replies":[{"embeddable":true,"href":"https:\/\/ciudadtrujillo.com\/index.php?rest_route=%2Fwp%2Fv2%2Fcomments&post=39817"}],"version-history":[{"count":1,"href":"https:\/\/ciudadtrujillo.com\/index.php?rest_route=\/wp\/v2\/posts\/39817\/revisions"}],"predecessor-version":[{"id":39819,"href":"https:\/\/ciudadtrujillo.com\/index.php?rest_route=\/wp\/v2\/posts\/39817\/revisions\/39819"}],"wp:featuredmedia":[{"embeddable":true,"href":"https:\/\/ciudadtrujillo.com\/index.php?rest_route=\/wp\/v2\/media\/39818"}],"wp:attachment":[{"href":"https:\/\/ciudadtrujillo.com\/index.php?rest_route=%2Fwp%2Fv2%2Fmedia&parent=39817"}],"wp:term":[{"taxonomy":"category","embeddable":true,"href":"https:\/\/ciudadtrujillo.com\/index.php?rest_route=%2Fwp%2Fv2%2Fcategories&post=39817"},{"taxonomy":"post_tag","embeddable":true,"href":"https:\/\/ciudadtrujillo.com\/index.php?rest_route=%2Fwp%2Fv2%2Ftags&post=39817"}],"curies":[{"name":"wp","href":"https:\/\/api.w.org\/{rel}","templated":true}]}}