{"id":39811,"date":"2024-10-26T15:41:04","date_gmt":"2024-10-26T19:41:04","guid":{"rendered":"https:\/\/ciudadtrujillo.com\/?p=39811"},"modified":"2024-10-26T15:41:04","modified_gmt":"2024-10-26T19:41:04","slug":"golpe-en-la-mesa","status":"publish","type":"post","link":"https:\/\/ciudadtrujillo.com\/?p=39811","title":{"rendered":"Golpe en La MESA"},"content":{"rendered":"<p>La s\u00e9ptima etapa de la XXXV Vuelta a Trujillo se preve\u00eda como un tramo de duros ataques donde el l\u00edder Juan Ru\u00edz deb\u00eda sacar lo mejor de sus condiciones para mantener la camiseta.<br \/>\nY no solo la mantuvo. El pedalista del Gobierno Bolivariano de Trujillo \/ MIPPCom dio un golpe en La Mesa al llevarse la etapa y aumentar sustancialmente su ventaja en la punta de la carrera.<\/p>\n<p><img loading=\"lazy\" decoding=\"async\" class=\"wp-image-2041 aligncenter\" src=\"https:\/\/vueltatrujillo.sytes.net\/wp-content\/uploads\/2024\/10\/WhatsApp-Image-2024-10-26-at-3.33.19-PM-300x200.jpeg\" alt=\"\" width=\"605\" height=\"403\" \/><br \/>\nRu\u00edz se impuso con tiempo de 3 horas 34 minutos y 37 segundos, superando por 59 segundos a Edwin Becerra y 1 minuto con 02 segundos a Roniel Campos, ambos de La Guacamaya \/ Salricas, en el tramo que sali\u00f3 desde Monay y cubri\u00f3 136.6 kil\u00f3metros.<br \/>\nJuan Ru\u00edz esta al frente de la General con 17 horas 7 minutos y 42 segundos, con ventaja de 2 minutos 02 segundos sobre Roniel Campos y 3 minutos con 44 segundos sobre Edwin Becerra.<br \/>\nCarlos Torres de La Guacamaya \/ Salricas es l\u00edder de los sprints y Luis Mora del Gobierno Bolivariano de Trujillo \/ MIPPCon el l\u00edder de la Monta\u00f1a.<br \/>\nLa XXXV Vuelta a Trujillo termina este domingo con un Circuito de122. 17 kms al Valle de Motatan y la avenida Bol\u00edvar de Valera en el que Juan Ru\u00edz buscar\u00e1 coronarse bicampeon.<\/p>\n<div style=\"width: 720px;\" class=\"wp-video\"><video class=\"wp-video-shortcode\" id=\"video-39811-1\" width=\"720\" height=\"1280\" preload=\"metadata\" controls=\"controls\"><source type=\"video\/mp4\" src=\"https:\/\/vueltatrujillo.sytes.net\/wp-content\/uploads\/2024\/10\/7.mp4?_=1\" \/><a href=\"https:\/\/vueltatrujillo.sytes.net\/wp-content\/uploads\/2024\/10\/7.mp4\">https:\/\/vueltatrujillo.sytes.net\/wp-content\/uploads\/2024\/10\/7.mp4<\/a><\/video><\/div>\n<p><strong>Llegada 7ma etapa<\/strong><br \/>\n1) Juan Ru\u00edz (Gobierno Bolivariano de Trujillo \/ MPPCom) 3.34.37<br \/>\n2) Eduin Becerra (Confiter\u00eda La Guacamaya \/ Salricas) a 59&#8243;<br \/>\n3) Roniel Campos (Confiter\u00eda La Guacamaya \/ Salricas) a 1&#8217;02\u00bb<br \/>\n4) Luis Mora (Gobierno Bolivariano de Trujillo \/ MPPCom) a 1&#8217;43\u00bb<br \/>\n5) Cristhian Montoya (Comercializadora Fam Birdman \/ Colombia) a 2&#8217;07\u00bb<\/p>\n<p><strong>Clasificaci\u00f3n general individual <\/strong><br \/>\n1) Juan Ru\u00edz (Gobierno Bolivariano de Trujillo \/ MPPCom) 17.07.42<br \/>\n2) Roniel Campos (Confiter\u00eda La Guacamaya \/ Salricas) a 2&#8217;02\u00bb<br \/>\n2) Eduin Becerra (Confiter\u00eda La Guacamaya \/ Salricas) a 3&#8217;44\u00bb<br \/>\n4) Luis Mora (Gobierno Bolivariano de Trujillo \/ MPPCom) a 6&#8217;51\u00bb<br \/>\n5) Yonathan Eugenio (Confiter\u00eda La Guacamaya \/ Salricas) a 7&#8217;28\u00bb<\/p>\n<p>&nbsp;<\/p>\n<p>&nbsp;<\/p>\n<h6>Prensa Vuelata a Trujillo<\/h6>\n","protected":false},"excerpt":{"rendered":"<p>La s\u00e9ptima etapa de la XXXV Vuelta a Trujillo se preve\u00eda como un tramo de duros ataques donde el l\u00edder Juan Ru\u00edz deb\u00eda sacar lo mejor de sus condiciones para&hellip; <\/p>\n","protected":false},"author":7,"featured_media":39812,"comment_status":"closed","ping_status":"closed","sticky":false,"template":"","format":"standard","meta":{"footnotes":""},"categories":[40],"tags":[],"class_list":["post-39811","post","type-post","status-publish","format-standard","has-post-thumbnail","hentry","category-grantrujillo"],"_links":{"self":[{"href":"https:\/\/ciudadtrujillo.com\/index.php?rest_route=\/wp\/v2\/posts\/39811","targetHints":{"allow":["GET"]}}],"collection":[{"href":"https:\/\/ciudadtrujillo.com\/index.php?rest_route=\/wp\/v2\/posts"}],"about":[{"href":"https:\/\/ciudadtrujillo.com\/index.php?rest_route=\/wp\/v2\/types\/post"}],"author":[{"embeddable":true,"href":"https:\/\/ciudadtrujillo.com\/index.php?rest_route=\/wp\/v2\/users\/7"}],"replies":[{"embeddable":true,"href":"https:\/\/ciudadtrujillo.com\/index.php?rest_route=%2Fwp%2Fv2%2Fcomments&post=39811"}],"version-history":[{"count":1,"href":"https:\/\/ciudadtrujillo.com\/index.php?rest_route=\/wp\/v2\/posts\/39811\/revisions"}],"predecessor-version":[{"id":39813,"href":"https:\/\/ciudadtrujillo.com\/index.php?rest_route=\/wp\/v2\/posts\/39811\/revisions\/39813"}],"wp:featuredmedia":[{"embeddable":true,"href":"https:\/\/ciudadtrujillo.com\/index.php?rest_route=\/wp\/v2\/media\/39812"}],"wp:attachment":[{"href":"https:\/\/ciudadtrujillo.com\/index.php?rest_route=%2Fwp%2Fv2%2Fmedia&parent=39811"}],"wp:term":[{"taxonomy":"category","embeddable":true,"href":"https:\/\/ciudadtrujillo.com\/index.php?rest_route=%2Fwp%2Fv2%2Fcategories&post=39811"},{"taxonomy":"post_tag","embeddable":true,"href":"https:\/\/ciudadtrujillo.com\/index.php?rest_route=%2Fwp%2Fv2%2Ftags&post=39811"}],"curies":[{"name":"wp","href":"https:\/\/api.w.org\/{rel}","templated":true}]}}