{"id":39809,"date":"2024-10-25T14:18:10","date_gmt":"2024-10-25T18:18:10","guid":{"rendered":"https:\/\/ciudadtrujillo.com\/?p=39809"},"modified":"2024-10-25T14:18:10","modified_gmt":"2024-10-25T18:18:10","slug":"juan-ruiz-rompio-el-crono-y-es-nuevo-lider","status":"publish","type":"post","link":"https:\/\/ciudadtrujillo.com\/?p=39809","title":{"rendered":"Juan Ru\u00edz rompi\u00f3 el crono y es nuevo l\u00edder"},"content":{"rendered":"<p style=\"text-align: justify;\">Rompi\u00f3 la crono escalada y es el nuevo l\u00edder de la XXXV Vuelta a Trujillo. Juan Ru\u00edz, con un ritmo impresionante, gan\u00f3 la sexta etapa con amplia superioridad en los 21.4 kil\u00f3metros entre el Parque Los Ilustres de Valera y la Plaza Bol\u00edvar de La Puerta.<\/p>\n<p style=\"text-align: justify;\"><img loading=\"lazy\" decoding=\"async\" class=\" wp-image-2020 aligncenter\" src=\"https:\/\/vueltatrujillo.sytes.net\/wp-content\/uploads\/2024\/10\/WhatsApp-Image-2024-10-25-at-2.06.52-PM-300x194.jpeg\" alt=\"\" width=\"523\" height=\"338\" \/><br \/>\nRu\u00edz, del Gobierno Bolivariano de Trujillo \/ MPPCom, lleg\u00f3 a la meta con tiempo de 44 minutos y 17 segundos, dando un golpe de autoridad al sacarle una ventaja de 1 minuto con 36 segundos a Roniel Campos, para quitarle la camiseta amarilla y dominar ahora la General individual con diferencia de 54 segundos.<\/p>\n<div style=\"width: 720px;\" class=\"wp-video\"><video class=\"wp-video-shortcode\" id=\"video-39809-1\" width=\"720\" height=\"1280\" preload=\"metadata\" controls=\"controls\"><source type=\"video\/mp4\" src=\"https:\/\/vueltatrujillo.sytes.net\/wp-content\/uploads\/2024\/10\/etapa6vid.mp4?_=1\" \/><a href=\"https:\/\/vueltatrujillo.sytes.net\/wp-content\/uploads\/2024\/10\/etapa6vid.mp4\">https:\/\/vueltatrujillo.sytes.net\/wp-content\/uploads\/2024\/10\/etapa6vid.mp4<\/a><\/video><\/div>\n<p style=\"text-align: justify;\">Luis Mora del Gobierno Bolivariano de Trujillo \/ MPPCom se mantiene l\u00edder de la Monta\u00f1a y Carlos Torres de Confiter\u00eda La Guacamaya \/ SalricasConfiter\u00eda La Guacamaya \/ Salricas de los sprints.<br \/>\nLa s\u00e9ptima etapa se disputar\u00e1 este s\u00e1bado con 136.6 kil\u00f3metros entre Monay y La Mesa de Esnujaque.<\/p>\n<p><img loading=\"lazy\" decoding=\"async\" class=\" wp-image-2021 aligncenter\" src=\"https:\/\/vueltatrujillo.sytes.net\/wp-content\/uploads\/2024\/10\/WhatsApp-Image-2024-10-25-at-2.06.51-PM-1-300x200.jpeg\" alt=\"\" width=\"447\" height=\"298\" \/><\/p>\n<p style=\"text-align: justify;\"><strong>Llegada 5ta etapa<\/strong><br \/>\n1) Juan Ru\u00edz (Gobierno Bolivariano de Trujillo \/ MPPCom) 44.16.17<br \/>\n2) Roniel Campos (Confiter\u00eda La Guacamaya \/ Salricas) a 1&#8217;36\u00bb<br \/>\n3) Eduin Becerra (Confiter\u00eda La Guacamaya \/ Salricas) a 2&#8217;36\u00bb<br \/>\n4) Luis Mora (Gobierno Bolivariano de Trujillo \/ MPPCom) a 3&#8217;19\u00bb<br \/>\n5) Yonathan Eugenio (Confiter\u00eda La Guacamaya \/ Salricas) a 3&#8217;23\u00bb<\/p>\n<p style=\"text-align: justify;\"><strong>General individual <\/strong><br \/>\n1) Juan Ru\u00edz (Gobierno Bolivariano de Trujillo \/ MPPCom) 13.33.15<br \/>\n2) Roniel Campos (Confiter\u00eda La Guacamaya \/ Salricas) a 54&#8243;<br \/>\n3) Eduin Becerra (Confiter\u00eda La Guacamaya \/ Salricas) a 2&#8217;41\u00bb<br \/>\n4) Luis Mora (Gobierno Bolivariano de Trujillo \/ MPPCom) a 4&#8217;58\u00bb<br \/>\n5) Fernando Brice\u00f1o (Confiter\u00eda La Guacamaya \/ Salricas) a 5&#8217;01\u00bb<\/p>\n<p>&nbsp;<\/p>\n<p>&nbsp;<\/p>\n<h6 style=\"text-align: justify;\">Prensa Vuelta a Trujillo<\/h6>\n","protected":false},"excerpt":{"rendered":"<p>Rompi\u00f3 la crono escalada y es el nuevo l\u00edder de la XXXV Vuelta a Trujillo. Juan Ru\u00edz, con un ritmo impresionante, gan\u00f3 la sexta etapa con amplia superioridad en los&hellip; <\/p>\n","protected":false},"author":7,"featured_media":0,"comment_status":"closed","ping_status":"closed","sticky":false,"template":"","format":"standard","meta":{"footnotes":""},"categories":[40],"tags":[],"class_list":["post-39809","post","type-post","status-publish","format-standard","hentry","category-grantrujillo"],"_links":{"self":[{"href":"https:\/\/ciudadtrujillo.com\/index.php?rest_route=\/wp\/v2\/posts\/39809","targetHints":{"allow":["GET"]}}],"collection":[{"href":"https:\/\/ciudadtrujillo.com\/index.php?rest_route=\/wp\/v2\/posts"}],"about":[{"href":"https:\/\/ciudadtrujillo.com\/index.php?rest_route=\/wp\/v2\/types\/post"}],"author":[{"embeddable":true,"href":"https:\/\/ciudadtrujillo.com\/index.php?rest_route=\/wp\/v2\/users\/7"}],"replies":[{"embeddable":true,"href":"https:\/\/ciudadtrujillo.com\/index.php?rest_route=%2Fwp%2Fv2%2Fcomments&post=39809"}],"version-history":[{"count":1,"href":"https:\/\/ciudadtrujillo.com\/index.php?rest_route=\/wp\/v2\/posts\/39809\/revisions"}],"predecessor-version":[{"id":39810,"href":"https:\/\/ciudadtrujillo.com\/index.php?rest_route=\/wp\/v2\/posts\/39809\/revisions\/39810"}],"wp:attachment":[{"href":"https:\/\/ciudadtrujillo.com\/index.php?rest_route=%2Fwp%2Fv2%2Fmedia&parent=39809"}],"wp:term":[{"taxonomy":"category","embeddable":true,"href":"https:\/\/ciudadtrujillo.com\/index.php?rest_route=%2Fwp%2Fv2%2Fcategories&post=39809"},{"taxonomy":"post_tag","embeddable":true,"href":"https:\/\/ciudadtrujillo.com\/index.php?rest_route=%2Fwp%2Fv2%2Ftags&post=39809"}],"curies":[{"name":"wp","href":"https:\/\/api.w.org\/{rel}","templated":true}]}}