{"id":39802,"date":"2024-10-24T23:25:12","date_gmt":"2024-10-25T03:25:12","guid":{"rendered":"https:\/\/ciudadtrujillo.com\/?p=39802"},"modified":"2024-10-24T23:25:12","modified_gmt":"2024-10-25T03:25:12","slug":"luis-mora-rey-de-la-montana-en-la-35a-vuelta-a-trujillo","status":"publish","type":"post","link":"https:\/\/ciudadtrujillo.com\/?p=39802","title":{"rendered":"Luis Mora rey de la monta\u00f1a en la 35\u00aa Vuelta a Trujillo"},"content":{"rendered":"<p style=\"text-align: justify;\">El corredor Luis Mora del equipo trujillano Gobierno Bolivariano de Trujillo \/ MPPCom tuvo una impresionante actuaci\u00f3n en la cuesta de la 5ta etapa de la 35\u00aa Vuelta a Trujillo, ganando el premio de tercera categor\u00eda en Loma de Bonilla sobre los 9 kil\u00f3metros y el premio de primera categor\u00eda en Coco Fr\u00edo a la altura del kil\u00f3metro 85.7.<\/p>\n<p style=\"text-align: justify;\">Este viernes portar\u00e1 la preciada camiseta de lunares rojos, la segunda en jerarqu\u00eda de la carrera al dominar esta modalidad con 28 puntos. Buscar\u00e1 defender el liderato en la crono individual de 21.4 kil\u00f3metros entre Valera y La Puerta.<\/p>\n<p>&nbsp;<\/p>\n<p>&nbsp;<\/p>\n<h6>Prensa Vuelta a Trujillo\/Gr\u00e1ficas: David V\u00e1squez<\/h6>\n","protected":false},"excerpt":{"rendered":"<p>El corredor Luis Mora del equipo trujillano Gobierno Bolivariano de Trujillo \/ MPPCom tuvo una impresionante actuaci\u00f3n en la cuesta de la 5ta etapa de la 35\u00aa Vuelta a Trujillo,&hellip; <\/p>\n","protected":false},"author":7,"featured_media":39803,"comment_status":"closed","ping_status":"closed","sticky":false,"template":"","format":"standard","meta":{"footnotes":""},"categories":[40],"tags":[],"class_list":["post-39802","post","type-post","status-publish","format-standard","has-post-thumbnail","hentry","category-grantrujillo"],"_links":{"self":[{"href":"https:\/\/ciudadtrujillo.com\/index.php?rest_route=\/wp\/v2\/posts\/39802","targetHints":{"allow":["GET"]}}],"collection":[{"href":"https:\/\/ciudadtrujillo.com\/index.php?rest_route=\/wp\/v2\/posts"}],"about":[{"href":"https:\/\/ciudadtrujillo.com\/index.php?rest_route=\/wp\/v2\/types\/post"}],"author":[{"embeddable":true,"href":"https:\/\/ciudadtrujillo.com\/index.php?rest_route=\/wp\/v2\/users\/7"}],"replies":[{"embeddable":true,"href":"https:\/\/ciudadtrujillo.com\/index.php?rest_route=%2Fwp%2Fv2%2Fcomments&post=39802"}],"version-history":[{"count":1,"href":"https:\/\/ciudadtrujillo.com\/index.php?rest_route=\/wp\/v2\/posts\/39802\/revisions"}],"predecessor-version":[{"id":39804,"href":"https:\/\/ciudadtrujillo.com\/index.php?rest_route=\/wp\/v2\/posts\/39802\/revisions\/39804"}],"wp:featuredmedia":[{"embeddable":true,"href":"https:\/\/ciudadtrujillo.com\/index.php?rest_route=\/wp\/v2\/media\/39803"}],"wp:attachment":[{"href":"https:\/\/ciudadtrujillo.com\/index.php?rest_route=%2Fwp%2Fv2%2Fmedia&parent=39802"}],"wp:term":[{"taxonomy":"category","embeddable":true,"href":"https:\/\/ciudadtrujillo.com\/index.php?rest_route=%2Fwp%2Fv2%2Fcategories&post=39802"},{"taxonomy":"post_tag","embeddable":true,"href":"https:\/\/ciudadtrujillo.com\/index.php?rest_route=%2Fwp%2Fv2%2Ftags&post=39802"}],"curies":[{"name":"wp","href":"https:\/\/api.w.org\/{rel}","templated":true}]}}