{"id":39784,"date":"2024-10-24T15:45:13","date_gmt":"2024-10-24T19:45:13","guid":{"rendered":"https:\/\/ciudadtrujillo.com\/?p=39784"},"modified":"2024-10-24T15:45:13","modified_gmt":"2024-10-24T19:45:13","slug":"se-cumplen-236-anos-del-natalicio-de-rafael-urdaneta","status":"publish","type":"post","link":"https:\/\/ciudadtrujillo.com\/?p=39784","title":{"rendered":"Se cumplen 236 a\u00f1os del natalicio de Rafael Urdaneta"},"content":{"rendered":"<p style=\"text-align: justify;\">El 24 de octubre de 1788, naci\u00f3 el pr\u00f3cer Rafael Jos\u00e9 Urdaneta Far\u00edas, en la ciudad de Maracaibo, actual estado Zulia; y se desempe\u00f1\u00f3 como militar, estratega y pol\u00edtico. Se caracteriz\u00f3 por su lealtad a El Libertador Sim\u00f3n Bol\u00edvar y sus proezas b\u00e9licas durante la Guerra de Independencia venezolana.<\/p>\n<p style=\"text-align: justify;\">Urdaneta particip\u00f3 en una serie de operaciones integradas a la Campa\u00f1a Admirable de 1813, adem\u00e1s de demostrar una ingente habilidad militar bajo las \u00f3rdenes de Jos\u00e9 F\u00e9lix Ribas durante la Batalla de Niquitao. Tambi\u00e9n ejerci\u00f3 un liderazo decisivo para el triunfo de la Batalla de Taguanes, gesta librada en las llanuras de Cojedes que cerr\u00f3 con \u00e9xito la Campa\u00f1a Admirable, liderada por el Padre de la Patria.<\/p>\n<p style=\"text-align: justify;\">Asimismo, protagoniz\u00f3 otras acciones b\u00e9licas, entre las cuales, figuran la Batalla de B\u00e1rbula en 1813, la retirada hacia Oriente en 1814 y la marcha hacia San Carlos, previa a la batalla de Carabobo, en la cual no pudo participar por \u00f3rdenes de Bol\u00edvar, en respuesta al agotamiento y desgaste de sus tropas.<\/p>\n<p style=\"text-align: justify;\">En su \u00faltima funci\u00f3n como pol\u00edtico, viaj\u00f3 en 1845 en calidad de ministro plenipotenciario a la capital espa\u00f1ola de Madrid, para entregar las ratificaciones del Tratado de Paz y Amistad entre Venezuela y Espa\u00f1a, el cual fue celebrado durante el 30 de marzo de ese a\u00f1o. Poco despu\u00e9s, sufri\u00f3 una reca\u00edda de salud a causa de un c\u00e1lculo renal que conllev\u00f3 a su fallecimiento el 23 de agosto de 1845 en Par\u00eds, Francia.<\/p>\n<p>&nbsp;<\/p>\n<p>&nbsp;<\/p>\n<h6>VTV<\/h6>\n","protected":false},"excerpt":{"rendered":"<p>El 24 de octubre de 1788, naci\u00f3 el pr\u00f3cer Rafael Jos\u00e9 Urdaneta Far\u00edas, en la ciudad de Maracaibo, actual estado Zulia; y se desempe\u00f1\u00f3 como militar, estratega y pol\u00edtico. Se&hellip; <\/p>\n","protected":false},"author":7,"featured_media":39785,"comment_status":"closed","ping_status":"closed","sticky":false,"template":"","format":"standard","meta":{"footnotes":""},"categories":[46],"tags":[],"class_list":["post-39784","post","type-post","status-publish","format-standard","has-post-thumbnail","hentry","category-cultura"],"_links":{"self":[{"href":"https:\/\/ciudadtrujillo.com\/index.php?rest_route=\/wp\/v2\/posts\/39784","targetHints":{"allow":["GET"]}}],"collection":[{"href":"https:\/\/ciudadtrujillo.com\/index.php?rest_route=\/wp\/v2\/posts"}],"about":[{"href":"https:\/\/ciudadtrujillo.com\/index.php?rest_route=\/wp\/v2\/types\/post"}],"author":[{"embeddable":true,"href":"https:\/\/ciudadtrujillo.com\/index.php?rest_route=\/wp\/v2\/users\/7"}],"replies":[{"embeddable":true,"href":"https:\/\/ciudadtrujillo.com\/index.php?rest_route=%2Fwp%2Fv2%2Fcomments&post=39784"}],"version-history":[{"count":1,"href":"https:\/\/ciudadtrujillo.com\/index.php?rest_route=\/wp\/v2\/posts\/39784\/revisions"}],"predecessor-version":[{"id":39786,"href":"https:\/\/ciudadtrujillo.com\/index.php?rest_route=\/wp\/v2\/posts\/39784\/revisions\/39786"}],"wp:featuredmedia":[{"embeddable":true,"href":"https:\/\/ciudadtrujillo.com\/index.php?rest_route=\/wp\/v2\/media\/39785"}],"wp:attachment":[{"href":"https:\/\/ciudadtrujillo.com\/index.php?rest_route=%2Fwp%2Fv2%2Fmedia&parent=39784"}],"wp:term":[{"taxonomy":"category","embeddable":true,"href":"https:\/\/ciudadtrujillo.com\/index.php?rest_route=%2Fwp%2Fv2%2Fcategories&post=39784"},{"taxonomy":"post_tag","embeddable":true,"href":"https:\/\/ciudadtrujillo.com\/index.php?rest_route=%2Fwp%2Fv2%2Ftags&post=39784"}],"curies":[{"name":"wp","href":"https:\/\/api.w.org\/{rel}","templated":true}]}}