{"id":395,"date":"2020-07-07T17:52:45","date_gmt":"2020-07-07T17:52:45","guid":{"rendered":"http:\/\/ciudadtrujillo.com\/?p=395"},"modified":"2020-07-07T17:52:45","modified_gmt":"2020-07-07T17:52:45","slug":"presidente-maduro-los-trocheros-que-vienen-de-colombia-son-los-principales-transmisores-del-virus-en-venezuela","status":"publish","type":"post","link":"https:\/\/ciudadtrujillo.com\/?p=395","title":{"rendered":"Presidente Maduro: Los \u201ctrocheros\u201d que vienen de Colombia son los principales transmisores del virus en Venezuela"},"content":{"rendered":"<p>&nbsp;<\/p>\n<p>Desde el 15 de mayo, aproximadamente, Venezuela ha experimentado una \u201cexplosi\u00f3n de casos importados\u201d, detectados en los pasos fronterizos ilegales del T\u00e1chira, Apure, Zulia y Bol\u00edvar, inform\u00f3 este domingo 5 de julio el presidente de la Rep\u00fablica Bolivariana de Venezuela, Nicol\u00e1s Maduro Moros, al alertar sobre la presencia de las mafias colombianas que ingresan ilegalmente a estos connacionales que huyen de ese pa\u00eds.<\/p>\n<p>\u201cQuiero que la familia venezolana me escuche bien, los trocheros han sido los principales transmisores del virus las \u00faltimas 8 semanas\u201d, inform\u00f3 desde Miraflores, Caracas, donde encabez\u00f3 la reuni\u00f3n de la Comisi\u00f3n Presidencial para el Control y la Prevenci\u00f3n de la Covid-19.<\/p>\n<p>Destac\u00f3 que ascienden a 65 los fallecidos por Covid-19, tras registrarse dos nuevas v\u00edctimas fatales, en las \u00faltimas 24 horas. Adem\u00e1s, se detectaron 419 casos, de ellos 332 de transmisi\u00f3n comunitaria, y 79 importados en los PASI, as\u00ed como 8 por contacto con viajero internacional; todos est\u00e1n siendo atendidos y en tratamiento.<\/p>\n<p>El Jefe de Estado detall\u00f3 que los connacionales que vienen del exterior, tras vivir la tragedia que represent\u00f3 salir de Venezuela, est\u00e1n retornando incluso a pie, porque los gobiernos de esos pa\u00edses no han hecho absolutamente nada para ayudarlos.<\/p>\n<p>Denunci\u00f3 que grupos armados irregulares y paramilitares colombianos han hecho un negocio el paso ilegal de connacionales o trocheros que huyen de la xenofobia y el maltrato, y ahora del coronavirus.<\/p>\n<h3>PASI<\/h3>\n<p>Record\u00f3 que en los Puestos de Atenci\u00f3n Social Integral (PASI), ubicados en las l\u00edneas legales fronterizas, se hace diagn\u00f3stico y se atiende a cada uno de los migrantes que retornan desde el primer d\u00eda. El tratamiento es gratuito y tras la cuarentena obligatoria y los ex\u00e1menes consecuentes, los pacientes son enviados a sus casas completamente sanos. Algo que no ocurre con los trocheros.<\/p>\n<p>Se calcula que han pasado miles de trocheros y al menos 3 mil est\u00e1n contagiados, y al pasar en forma ilegal, \u201ccalladitos\u201d, han contaminado a Maracaibo, Barquisimeto, Maracay, Caracas, Cuman\u00e1, Matur\u00edn.<\/p>\n<p>\u201cLos trocheros desde el 15 de mayo al 15 de junio detectamos una explosi\u00f3n de casos importados, y del 15 de junio en adelante, el impacto de los trocheros comenz\u00f3 a hacer crecer los casos de transmisi\u00f3n comunitaria\u201d, dijo.<\/p>\n<p>El Jefe de Estado pidi\u00f3 ayuda al pueblo venezolano que ha acatado con ejemplar civismo la cuarentena, para que los familiares que regresan de forma irregular del exterior sean identificados para que se les haga el despistaje y tratamiento correspondiente.<\/p>\n<p>Debido a esta nueva amenaza de las mafias colombianas, explic\u00f3, se dispar\u00f3 de manera alarmante el n\u00famero de casos, que aunque pueda parecer poco con respecto a las curvas exponenciales de otras naciones vecinas, es un problema de salud p\u00fablica para Venezuela.<\/p>\n<p>Agreg\u00f3 que Venezuela mantendr\u00e1 la f\u00f3rmula del 7+7 en los pr\u00f3ximos meses y en casos de municipios o estados que registren brotes alarmantes se volver\u00e1 a la cuarentena radical y se suspender\u00e1 la flexibilizaci\u00f3n laboral que se ven\u00eda desarrollando.<\/p>\n<p>El Mandatario Nacional pidi\u00f3 la mayor conciencia al pueblo venezolano ante la peligrosidad de la Covid-19 y llam\u00f3 a elevar las medidas de protecci\u00f3n y prevenci\u00f3n epidemiol\u00f3gica.<\/p>\n<p>&nbsp;<\/p>\n<p>&nbsp;<\/p>\n<h6><em>VTV\/Gr\u00e1fica: Cortes\u00eda<\/em><\/h6>\n","protected":false},"excerpt":{"rendered":"<p>&nbsp; Desde el 15 de mayo, aproximadamente, Venezuela ha experimentado una \u201cexplosi\u00f3n de casos importados\u201d, detectados en los pasos fronterizos ilegales del T\u00e1chira, Apure, Zulia y Bol\u00edvar, inform\u00f3 este domingo&hellip; <\/p>\n","protected":false},"author":1,"featured_media":396,"comment_status":"closed","ping_status":"closed","sticky":false,"template":"","format":"standard","meta":{"footnotes":""},"categories":[52,41],"tags":[],"class_list":["post-395","post","type-post","status-publish","format-standard","has-post-thumbnail","hentry","category-destacadas","category-pais"],"_links":{"self":[{"href":"https:\/\/ciudadtrujillo.com\/index.php?rest_route=\/wp\/v2\/posts\/395","targetHints":{"allow":["GET"]}}],"collection":[{"href":"https:\/\/ciudadtrujillo.com\/index.php?rest_route=\/wp\/v2\/posts"}],"about":[{"href":"https:\/\/ciudadtrujillo.com\/index.php?rest_route=\/wp\/v2\/types\/post"}],"author":[{"embeddable":true,"href":"https:\/\/ciudadtrujillo.com\/index.php?rest_route=\/wp\/v2\/users\/1"}],"replies":[{"embeddable":true,"href":"https:\/\/ciudadtrujillo.com\/index.php?rest_route=%2Fwp%2Fv2%2Fcomments&post=395"}],"version-history":[{"count":1,"href":"https:\/\/ciudadtrujillo.com\/index.php?rest_route=\/wp\/v2\/posts\/395\/revisions"}],"predecessor-version":[{"id":397,"href":"https:\/\/ciudadtrujillo.com\/index.php?rest_route=\/wp\/v2\/posts\/395\/revisions\/397"}],"wp:featuredmedia":[{"embeddable":true,"href":"https:\/\/ciudadtrujillo.com\/index.php?rest_route=\/wp\/v2\/media\/396"}],"wp:attachment":[{"href":"https:\/\/ciudadtrujillo.com\/index.php?rest_route=%2Fwp%2Fv2%2Fmedia&parent=395"}],"wp:term":[{"taxonomy":"category","embeddable":true,"href":"https:\/\/ciudadtrujillo.com\/index.php?rest_route=%2Fwp%2Fv2%2Fcategories&post=395"},{"taxonomy":"post_tag","embeddable":true,"href":"https:\/\/ciudadtrujillo.com\/index.php?rest_route=%2Fwp%2Fv2%2Ftags&post=395"}],"curies":[{"name":"wp","href":"https:\/\/api.w.org\/{rel}","templated":true}]}}