{"id":39094,"date":"2024-09-26T17:38:03","date_gmt":"2024-09-26T21:38:03","guid":{"rendered":"https:\/\/ciudadtrujillo.com\/?p=39094"},"modified":"2024-09-26T17:38:03","modified_gmt":"2024-09-26T21:38:03","slug":"trujillo-se-alista-para-el-nuevo-periodo-escolar-2024-2025","status":"publish","type":"post","link":"https:\/\/ciudadtrujillo.com\/?p=39094","title":{"rendered":"Trujillo se alista para el nuevo periodo escolar 2024 &#8211; 2025"},"content":{"rendered":"<p style=\"text-align: justify;\">Trujillo se alista para el nuevo periodo escolar 2024-2025 con rehabilitaciones en infraestructuras educativas adem\u00e1s de una jornada de fumigaci\u00f3n integral en los 1.087 planteles de la entidad.<\/p>\n<p style=\"text-align: justify;\">En el caso del control de vectores, fue realizado por el Centro de Desarrollo de la Calidad Educativa en la entidad en articulaci\u00f3n con la Fundaci\u00f3n Trujillana para la Salud (Fundasalud). Asimismo, el Gobierno Bolivariano, a trav\u00e9s de las Brigadas Comunitarias Militares de Salud y Educaci\u00f3n (Bricomiles), recupera un total de 15 instituciones educativas para el inicio de clases el pr\u00f3ximo lunes 30 de septiembre.<\/p>\n<p style=\"text-align: justify;\">La autoridad \u00fanica de Educaci\u00f3n, Dra. Mar\u00eda Palomares, destac\u00f3 que la fumigaci\u00f3n representa un paso fundamental para garantizar la salud de los estudiantes, con el fin de prevenir enfermedades transmitidas por insectos. Adem\u00e1s se est\u00e1 llevando a cabo un plan de mantenimiento general en cada plantel para asegurar condiciones \u00f3ptimas para el aprendizaje.<\/p>\n<h3 style=\"text-align: justify;\">Despliegue de infraestructura<\/h3>\n<p style=\"text-align: justify;\">Por otro lado, a trav\u00e9s de las Bricomiles, se rehabilitan y adec\u00faan un total de 15 instituciones educativas en v\u00edsperas del inicio de clases el pr\u00f3ximo lunes 30 de septiembre.<\/p>\n<p style=\"text-align: justify;\">As\u00ed lo destac\u00f3 el director estadal del Ministerio del Poder Popular para las Obras P\u00fablicas y coordinador regional de las Bricomiles, Cnel. Germ\u00e1n Ojeda, quien detall\u00f3 que a trav\u00e9s de la uni\u00f3n c\u00edvico militar se recuperan, con el material enviado por el Presidente Nicol\u00e1s Maduro, 15 planteles y con la gobernaci\u00f3n se tiene previsto otras 30 m\u00e1s de manera simult\u00e1nea, en concordancia con las orientaciones del mandatario regional Gerardo M\u00e1rquez.<\/p>\n<p style=\"text-align: justify;\">A\u00f1adi\u00f3 que en el Complejo Educativo Monse\u00f1or Jos\u00e9 Humberto Contreras, del municipio Valera, se est\u00e1 rehabilitando totalmente la instituci\u00f3n, desde el saneamiento ambiental hasta el reemplazo del techo y labores de alba\u00f1iler\u00eda, con la finalidad de garantizar a los estudiantes unas mejores condiciones. Tanto en estos trabajos como en los del resto del estado est\u00e1 desplegada la Fuerza Armada Nacional Bolivariana (Fanb), 34 instituciones nacionales y regionales, Psuv y alcald\u00edas.<\/p>\n<p style=\"text-align: justify;\">Carol Ter\u00e1n, directora del Complejo Educativo Monse\u00f1or Jos\u00e9 Humberto Contreras, en donde est\u00e1n inscritos 300 estudiantes de bachillerato y asisten 700 de la Universidad de las Ciencias de la Salud \u201cHugo Ch\u00e1vez\u201d, manifest\u00f3 sentirse complacida por esta intervenci\u00f3n. \u201cTener aqu\u00ed a las Bricomiles ha sido una gran satisfacci\u00f3n\u201d, acot\u00f3.<\/p>\n<p style=\"text-align: justify;\">\n<h6>Ciudad Trujillo\/ PRENSA CDCE TRUJILLO\/Gr\u00e1ficas: Cortes\u00eda<\/h6>\n","protected":false},"excerpt":{"rendered":"<p>Trujillo se alista para el nuevo periodo escolar 2024-2025 con rehabilitaciones en infraestructuras educativas adem\u00e1s de una jornada de fumigaci\u00f3n integral en los 1.087 planteles de la entidad. En el&hellip; <\/p>\n","protected":false},"author":7,"featured_media":39095,"comment_status":"closed","ping_status":"closed","sticky":false,"template":"","format":"standard","meta":{"footnotes":""},"categories":[52,40],"tags":[],"class_list":["post-39094","post","type-post","status-publish","format-standard","has-post-thumbnail","hentry","category-destacadas","category-grantrujillo"],"_links":{"self":[{"href":"https:\/\/ciudadtrujillo.com\/index.php?rest_route=\/wp\/v2\/posts\/39094","targetHints":{"allow":["GET"]}}],"collection":[{"href":"https:\/\/ciudadtrujillo.com\/index.php?rest_route=\/wp\/v2\/posts"}],"about":[{"href":"https:\/\/ciudadtrujillo.com\/index.php?rest_route=\/wp\/v2\/types\/post"}],"author":[{"embeddable":true,"href":"https:\/\/ciudadtrujillo.com\/index.php?rest_route=\/wp\/v2\/users\/7"}],"replies":[{"embeddable":true,"href":"https:\/\/ciudadtrujillo.com\/index.php?rest_route=%2Fwp%2Fv2%2Fcomments&post=39094"}],"version-history":[{"count":1,"href":"https:\/\/ciudadtrujillo.com\/index.php?rest_route=\/wp\/v2\/posts\/39094\/revisions"}],"predecessor-version":[{"id":39096,"href":"https:\/\/ciudadtrujillo.com\/index.php?rest_route=\/wp\/v2\/posts\/39094\/revisions\/39096"}],"wp:featuredmedia":[{"embeddable":true,"href":"https:\/\/ciudadtrujillo.com\/index.php?rest_route=\/wp\/v2\/media\/39095"}],"wp:attachment":[{"href":"https:\/\/ciudadtrujillo.com\/index.php?rest_route=%2Fwp%2Fv2%2Fmedia&parent=39094"}],"wp:term":[{"taxonomy":"category","embeddable":true,"href":"https:\/\/ciudadtrujillo.com\/index.php?rest_route=%2Fwp%2Fv2%2Fcategories&post=39094"},{"taxonomy":"post_tag","embeddable":true,"href":"https:\/\/ciudadtrujillo.com\/index.php?rest_route=%2Fwp%2Fv2%2Ftags&post=39094"}],"curies":[{"name":"wp","href":"https:\/\/api.w.org\/{rel}","templated":true}]}}