{"id":39091,"date":"2024-09-26T17:34:58","date_gmt":"2024-09-26T21:34:58","guid":{"rendered":"https:\/\/ciudadtrujillo.com\/?p=39091"},"modified":"2024-09-26T17:34:58","modified_gmt":"2024-09-26T21:34:58","slug":"sistema-de-proteccion-afianza-acuerdos-en-defensa-de-derechos-de-nna","status":"publish","type":"post","link":"https:\/\/ciudadtrujillo.com\/?p=39091","title":{"rendered":"Sistema de Protecci\u00f3n afianza acuerdos en defensa de derechos de NNA"},"content":{"rendered":"<p style=\"text-align: justify;\">Desde el sal\u00f3n de conferencias del Palacio de Justicia en el municipio Trujillo se llev\u00f3 a cabo una reuni\u00f3n del Sistema de Protecci\u00f3n del Ni\u00f1o, Ni\u00f1a y Adolescente que estuvo encabezada por la primera combatiente Reyna P\u00e9rez de M\u00e1rquez, en compa\u00f1\u00eda de autoridades a cargo de instituciones afines, con el objetivo de afianzar acciones en pro del amparo y defensa de los derechos humanos del Semillero de la Patria.<\/p>\n<p style=\"text-align: justify;\">En este sentido, la primera combatiente orient\u00f3 a los presentes seguir estrechando lazos institucionales que permitan velar por la seguridad de los menores de edad, garantiz\u00e1ndoles la felicidad y una infancia plena.<\/p>\n<p style=\"text-align: justify;\">\u00abLos t\u00e9rminos y acuerdos en dicha reuni\u00f3n ayudar\u00e1n a los profesionales que trabajan con ni\u00f1os, ni\u00f1as y adolescentes bajo el sistema de protecci\u00f3n a comprender mejor sus necesidades y a desarrollar diferentes estrategias para apoyarlos, seg\u00fan el perfil de cada caso, a fin de que reciban el debido soporte y la protecci\u00f3n que merecen por parte de las instituciones a cargo de velar por su integridad\u00bb, indic\u00f3 P\u00e9rez de M\u00e1rquez.<\/p>\n<p style=\"text-align: justify;\">En la jornada de trabajo estuvo presente la presidenta del Circuito Judicial Penal del estado Trujillo, Dra. Mar\u00eda Parilli; el Juez Rector del Estado Trujillo, Dr. Jes\u00fas Azuaje; la Coordinadora del Circuito Judicial de Protecci\u00f3n de Ni\u00f1os, Ni\u00f1as y Adolescentes del estado Trujillo, Dra. Rileyne Valbuena; la directora del Servicio Administrativo de Protecci\u00f3n de Ni\u00f1os, Ni\u00f1as y Adolescentes del estado Trujillo, My. Mar\u00eda Almaz\u00e1n; representantes del Ministerio P\u00fablico, Defensa P\u00fablica, Defensor\u00eda del Pueblo, Centro de Desarrollo de la Calidad Educativa de Trujillo, adem\u00e1s de alcaldes y alcaldesas, presidentes y presidentas de los Consejos Municipales de Derechos de los NNA.<\/p>\n<p>&nbsp;<\/p>\n<h6>Yelimar Hidalgo\/Gr\u00e1ficas: Cortes\u00eda<\/h6>\n","protected":false},"excerpt":{"rendered":"<p>Desde el sal\u00f3n de conferencias del Palacio de Justicia en el municipio Trujillo se llev\u00f3 a cabo una reuni\u00f3n del Sistema de Protecci\u00f3n del Ni\u00f1o, Ni\u00f1a y Adolescente que estuvo&hellip; <\/p>\n","protected":false},"author":7,"featured_media":39092,"comment_status":"closed","ping_status":"closed","sticky":false,"template":"","format":"standard","meta":{"footnotes":""},"categories":[40],"tags":[],"class_list":["post-39091","post","type-post","status-publish","format-standard","has-post-thumbnail","hentry","category-grantrujillo"],"_links":{"self":[{"href":"https:\/\/ciudadtrujillo.com\/index.php?rest_route=\/wp\/v2\/posts\/39091","targetHints":{"allow":["GET"]}}],"collection":[{"href":"https:\/\/ciudadtrujillo.com\/index.php?rest_route=\/wp\/v2\/posts"}],"about":[{"href":"https:\/\/ciudadtrujillo.com\/index.php?rest_route=\/wp\/v2\/types\/post"}],"author":[{"embeddable":true,"href":"https:\/\/ciudadtrujillo.com\/index.php?rest_route=\/wp\/v2\/users\/7"}],"replies":[{"embeddable":true,"href":"https:\/\/ciudadtrujillo.com\/index.php?rest_route=%2Fwp%2Fv2%2Fcomments&post=39091"}],"version-history":[{"count":1,"href":"https:\/\/ciudadtrujillo.com\/index.php?rest_route=\/wp\/v2\/posts\/39091\/revisions"}],"predecessor-version":[{"id":39093,"href":"https:\/\/ciudadtrujillo.com\/index.php?rest_route=\/wp\/v2\/posts\/39091\/revisions\/39093"}],"wp:featuredmedia":[{"embeddable":true,"href":"https:\/\/ciudadtrujillo.com\/index.php?rest_route=\/wp\/v2\/media\/39092"}],"wp:attachment":[{"href":"https:\/\/ciudadtrujillo.com\/index.php?rest_route=%2Fwp%2Fv2%2Fmedia&parent=39091"}],"wp:term":[{"taxonomy":"category","embeddable":true,"href":"https:\/\/ciudadtrujillo.com\/index.php?rest_route=%2Fwp%2Fv2%2Fcategories&post=39091"},{"taxonomy":"post_tag","embeddable":true,"href":"https:\/\/ciudadtrujillo.com\/index.php?rest_route=%2Fwp%2Fv2%2Ftags&post=39091"}],"curies":[{"name":"wp","href":"https:\/\/api.w.org\/{rel}","templated":true}]}}