{"id":38839,"date":"2024-09-17T19:01:24","date_gmt":"2024-09-17T23:01:24","guid":{"rendered":"https:\/\/ciudadtrujillo.com\/?p=38839"},"modified":"2024-09-17T19:01:24","modified_gmt":"2024-09-17T23:01:24","slug":"iniciaron-actividades-del-ano-escolar-2024-2025-en-planteles-de-la-entidad","status":"publish","type":"post","link":"https:\/\/ciudadtrujillo.com\/?p=38839","title":{"rendered":"Iniciaron actividades del a\u00f1o escolar 2024-2025 en planteles de la entidad"},"content":{"rendered":"<p style=\"text-align: justify;\">En los planteles trujillanos se preparan para recibir a sus estudiantes en el nuevo a\u00f1o escolar 2024 &#8211; 2025. Desde este lunes, el personal administrativo, docente y obrero participan en las actividades institucionales programadas para dar apertura al nuevo ciclo escolar, entre ellas la bienvenida al personal, inscripciones de los ni\u00f1os, ni\u00f1as y adolescentes y reuniones para socializar las orientaciones emanadas por el Ministerio del Poder Popular para la Educaci\u00f3n.<\/p>\n<p style=\"text-align: justify;\">De igual manera, el personal docente de los 1.087 centros educativos trujillanos est\u00e1 participando en el Plan Nacional de Formaci\u00f3n para las maestras y maestros del Subsistema de Educaci\u00f3n B\u00e1sica, el cual se extender\u00e1 hasta el viernes 27 de septiembre.<\/p>\n<p style=\"text-align: justify;\">La doctora Mar\u00eda Palomares, autoridad \u00fanica de Educaci\u00f3n del estado Trujillo, dijo: \u00abCon alegr\u00eda damos inicio al a\u00f1o escolar 2024-2025, los siguientes d\u00edas continuaremos form\u00e1ndonos y acondicionando los planteles para recibir a nuestros estudiantes el pr\u00f3ximo 30 de septiembre\u00bb.<\/p>\n<p style=\"text-align: justify;\">Asimismo, contin\u00faan las jornadas de limpieza, con el fin de garantizar espacios habilitados y seguros para el desarrollo integral de la muchachada de la Patria.<\/p>\n<p>&nbsp;<\/p>\n<p>&nbsp;<\/p>\n<h6>Prensa CDCE Trujillo<\/h6>\n","protected":false},"excerpt":{"rendered":"<p>En los planteles trujillanos se preparan para recibir a sus estudiantes en el nuevo a\u00f1o escolar 2024 &#8211; 2025. Desde este lunes, el personal administrativo, docente y obrero participan en&hellip; <\/p>\n","protected":false},"author":7,"featured_media":38840,"comment_status":"closed","ping_status":"closed","sticky":false,"template":"","format":"standard","meta":{"footnotes":""},"categories":[52,40],"tags":[],"class_list":["post-38839","post","type-post","status-publish","format-standard","has-post-thumbnail","hentry","category-destacadas","category-grantrujillo"],"_links":{"self":[{"href":"https:\/\/ciudadtrujillo.com\/index.php?rest_route=\/wp\/v2\/posts\/38839","targetHints":{"allow":["GET"]}}],"collection":[{"href":"https:\/\/ciudadtrujillo.com\/index.php?rest_route=\/wp\/v2\/posts"}],"about":[{"href":"https:\/\/ciudadtrujillo.com\/index.php?rest_route=\/wp\/v2\/types\/post"}],"author":[{"embeddable":true,"href":"https:\/\/ciudadtrujillo.com\/index.php?rest_route=\/wp\/v2\/users\/7"}],"replies":[{"embeddable":true,"href":"https:\/\/ciudadtrujillo.com\/index.php?rest_route=%2Fwp%2Fv2%2Fcomments&post=38839"}],"version-history":[{"count":1,"href":"https:\/\/ciudadtrujillo.com\/index.php?rest_route=\/wp\/v2\/posts\/38839\/revisions"}],"predecessor-version":[{"id":38841,"href":"https:\/\/ciudadtrujillo.com\/index.php?rest_route=\/wp\/v2\/posts\/38839\/revisions\/38841"}],"wp:featuredmedia":[{"embeddable":true,"href":"https:\/\/ciudadtrujillo.com\/index.php?rest_route=\/wp\/v2\/media\/38840"}],"wp:attachment":[{"href":"https:\/\/ciudadtrujillo.com\/index.php?rest_route=%2Fwp%2Fv2%2Fmedia&parent=38839"}],"wp:term":[{"taxonomy":"category","embeddable":true,"href":"https:\/\/ciudadtrujillo.com\/index.php?rest_route=%2Fwp%2Fv2%2Fcategories&post=38839"},{"taxonomy":"post_tag","embeddable":true,"href":"https:\/\/ciudadtrujillo.com\/index.php?rest_route=%2Fwp%2Fv2%2Ftags&post=38839"}],"curies":[{"name":"wp","href":"https:\/\/api.w.org\/{rel}","templated":true}]}}