{"id":38651,"date":"2024-09-10T21:20:38","date_gmt":"2024-09-11T01:20:38","guid":{"rendered":"https:\/\/ciudadtrujillo.com\/?p=38651"},"modified":"2024-09-10T21:20:38","modified_gmt":"2024-09-11T01:20:38","slug":"un-78-de-avance-presenta-remodelacion-del-parque-los-ilustres-en-valera","status":"publish","type":"post","link":"https:\/\/ciudadtrujillo.com\/?p=38651","title":{"rendered":"Un 78% de avance presenta remodelaci\u00f3n del Parque Los Ilustres en Valera"},"content":{"rendered":"<p style=\"text-align: justify;\">Los valeranos podr\u00e1n disfrutar de espacios dedicados al sano esparcimiento con la remodelaci\u00f3n del Parque Los Ilustres que ha prometido el gobierno regional, liderado por el My. Gerardo M\u00e1rquez, por lo que cabe destacar que esta obra presenta un 78% de avance en sus trabajos.<\/p>\n<p style=\"text-align: justify;\">De esta manera lo inform\u00f3 el responsable de la Secretar\u00eda de Infraestructura de la Gobernaci\u00f3n de Trujillo, Henry Gonz\u00e1lez, quien aprovech\u00f3 la oportunidad de recordar que \u00ablos habitantes contar\u00e1n con \u00e1rea de parques infantil, espacios para realizar ejercicios con excelente equipos biosaludable, adem\u00e1s de una distribuci\u00f3n de caminerias para el relajamiento y el ejercicio de cardio\u00bb.<\/p>\n<p style=\"text-align: justify;\">Se prev\u00e9 que esta moderna obra tenga su reinauguraci\u00f3n el 22 de septiembre, tal y como lo anunci\u00f3 el mandatario regional en d\u00edas anteriores. Es importante destacar que estas labores son ejecutadas por el talento humano de m\u00e1s de 10 instituciones del \u00e1rea de infraestructura,quienes han desarrollado sus tareas hasta altas horas de la noche.<\/p>\n<p style=\"text-align: justify;\">Cabe mencionar que con la intensificaci\u00f3n de los esfuerzos por finalizar con lo prometido contin\u00faan las labores en espacios como el estanque de peces, la zona rental, la cual tendr\u00e1 cinco locales de comida r\u00e1pida, m\u00f3dulos deportivos, kioscos y de m\u00e1s zonas que estar\u00e1n al servicio de las personas.<\/p>\n<p style=\"text-align: justify;\">Entre las labores que se desempe\u00f1an, el equipo de trabajo avanza en la construcci\u00f3n del \u00e1rea rental para el disfrute y el compartir en terraza de lujo entre familiares y amigos. Como parte de las novedades que trae esta rehabilitaci\u00f3n el pueblo tambi\u00e9n contar\u00e1 con una zona de primeros auxilios que tendr\u00e1 la asistencia de param\u00e9dicos prestos al servicio del pueblo.<\/p>\n<p>&nbsp;<\/p>\n<p>&nbsp;<\/p>\n<h6>Rossiel Hurtado\/Gr\u00e1ficas: Secretaria de Infraestructura<\/h6>\n","protected":false},"excerpt":{"rendered":"<p>Los valeranos podr\u00e1n disfrutar de espacios dedicados al sano esparcimiento con la remodelaci\u00f3n del Parque Los Ilustres que ha prometido el gobierno regional, liderado por el My. Gerardo M\u00e1rquez, por&hellip; <\/p>\n","protected":false},"author":7,"featured_media":38652,"comment_status":"closed","ping_status":"closed","sticky":false,"template":"","format":"standard","meta":{"footnotes":""},"categories":[40],"tags":[],"class_list":["post-38651","post","type-post","status-publish","format-standard","has-post-thumbnail","hentry","category-grantrujillo"],"_links":{"self":[{"href":"https:\/\/ciudadtrujillo.com\/index.php?rest_route=\/wp\/v2\/posts\/38651","targetHints":{"allow":["GET"]}}],"collection":[{"href":"https:\/\/ciudadtrujillo.com\/index.php?rest_route=\/wp\/v2\/posts"}],"about":[{"href":"https:\/\/ciudadtrujillo.com\/index.php?rest_route=\/wp\/v2\/types\/post"}],"author":[{"embeddable":true,"href":"https:\/\/ciudadtrujillo.com\/index.php?rest_route=\/wp\/v2\/users\/7"}],"replies":[{"embeddable":true,"href":"https:\/\/ciudadtrujillo.com\/index.php?rest_route=%2Fwp%2Fv2%2Fcomments&post=38651"}],"version-history":[{"count":1,"href":"https:\/\/ciudadtrujillo.com\/index.php?rest_route=\/wp\/v2\/posts\/38651\/revisions"}],"predecessor-version":[{"id":38653,"href":"https:\/\/ciudadtrujillo.com\/index.php?rest_route=\/wp\/v2\/posts\/38651\/revisions\/38653"}],"wp:featuredmedia":[{"embeddable":true,"href":"https:\/\/ciudadtrujillo.com\/index.php?rest_route=\/wp\/v2\/media\/38652"}],"wp:attachment":[{"href":"https:\/\/ciudadtrujillo.com\/index.php?rest_route=%2Fwp%2Fv2%2Fmedia&parent=38651"}],"wp:term":[{"taxonomy":"category","embeddable":true,"href":"https:\/\/ciudadtrujillo.com\/index.php?rest_route=%2Fwp%2Fv2%2Fcategories&post=38651"},{"taxonomy":"post_tag","embeddable":true,"href":"https:\/\/ciudadtrujillo.com\/index.php?rest_route=%2Fwp%2Fv2%2Ftags&post=38651"}],"curies":[{"name":"wp","href":"https:\/\/api.w.org\/{rel}","templated":true}]}}