{"id":38588,"date":"2024-09-08T19:38:48","date_gmt":"2024-09-08T23:38:48","guid":{"rendered":"https:\/\/ciudadtrujillo.com\/?p=38588"},"modified":"2024-09-08T19:38:48","modified_gmt":"2024-09-08T23:38:48","slug":"pueblo-trujillano-disfruto-en-armonia-de-bailanta-por-la-paz","status":"publish","type":"post","link":"https:\/\/ciudadtrujillo.com\/?p=38588","title":{"rendered":"Pueblo trujillano disfrut\u00f3 en armon\u00eda de bailanta por la paz"},"content":{"rendered":"<p style=\"text-align: justify;\">Tal como estaba previsto, este s\u00e1bado se realiz\u00f3 la fiesta nocturna \u00abBailando por la Paz\u00bb organizada por el Gobierno Bolivariano de Trujillo para el disfrute del pueblo. En armon\u00eda y con alegr\u00eda, el p\u00fablico pudo disfrutar de la presentaci\u00f3n de diferentes grupos musicales, cuyo evento culmin\u00f3 cerca de las 3:00 am con el cierre apote\u00f3sico de El Gran Caribe que puso a bailar a los presentes con su ritmo tropical.<\/p>\n<p style=\"text-align: justify;\">Tambi\u00e9n, el pueblo trujillano core\u00f3 y goz\u00f3 los temas musicales interpretados por las agrupaciones Song 7 (quienes abrieron la actividad), seguido de la Orquesta Latino Caribe\u00f1a del Sistema de Orquestas N\u00facleo Valera, Arkanos Show y Tormento.<\/p>\n<p style=\"text-align: justify;\">A la altura de la Torre Uni\u00f3n, en la Av. Bol\u00edvar de Valera, se apostaron los presentes para disfrutar del evento, contando con el acompa\u00f1amiento del gobernador Gerardo M\u00e1rquez y la primera combatiente Reyna P\u00e9rez de M\u00e1rquez. Fue una fiesta que permiti\u00f3 enviar un mensaje de paz frente a los ataques imperiales y de la extrema derecha.<\/p>\n<p style=\"text-align: justify;\">Precisamente, el gerente estadal del Sistema de Orquestas en Trujillo, Luis Coronado, asever\u00f3 que esta actividad es una demostraci\u00f3n de la uni\u00f3n que prevalece en el pueblo.<\/p>\n<p style=\"text-align: justify;\">\u00abEl Sistema de Orquestas precisamente es un embajador de la paz en el mundo entero y nos complace estar en esta oportunidad en esta tarima acompa\u00f1ando grandes agrupaciones, ratificando que Trujillo es cuna de m\u00fasicos y de talento\u00bb, dijo.<\/p>\n<p>&nbsp;<\/p>\n<p>&nbsp;<\/p>\n<h6>Ciudad Trujillo\/Gr\u00e1ficas: David Vasquez<\/h6>\n","protected":false},"excerpt":{"rendered":"<p>Tal como estaba previsto, este s\u00e1bado se realiz\u00f3 la fiesta nocturna \u00abBailando por la Paz\u00bb organizada por el Gobierno Bolivariano de Trujillo para el disfrute del pueblo. En armon\u00eda y&hellip; <\/p>\n","protected":false},"author":7,"featured_media":38589,"comment_status":"closed","ping_status":"closed","sticky":false,"template":"","format":"standard","meta":{"footnotes":""},"categories":[52,40],"tags":[],"class_list":["post-38588","post","type-post","status-publish","format-standard","has-post-thumbnail","hentry","category-destacadas","category-grantrujillo"],"_links":{"self":[{"href":"https:\/\/ciudadtrujillo.com\/index.php?rest_route=\/wp\/v2\/posts\/38588","targetHints":{"allow":["GET"]}}],"collection":[{"href":"https:\/\/ciudadtrujillo.com\/index.php?rest_route=\/wp\/v2\/posts"}],"about":[{"href":"https:\/\/ciudadtrujillo.com\/index.php?rest_route=\/wp\/v2\/types\/post"}],"author":[{"embeddable":true,"href":"https:\/\/ciudadtrujillo.com\/index.php?rest_route=\/wp\/v2\/users\/7"}],"replies":[{"embeddable":true,"href":"https:\/\/ciudadtrujillo.com\/index.php?rest_route=%2Fwp%2Fv2%2Fcomments&post=38588"}],"version-history":[{"count":1,"href":"https:\/\/ciudadtrujillo.com\/index.php?rest_route=\/wp\/v2\/posts\/38588\/revisions"}],"predecessor-version":[{"id":38590,"href":"https:\/\/ciudadtrujillo.com\/index.php?rest_route=\/wp\/v2\/posts\/38588\/revisions\/38590"}],"wp:featuredmedia":[{"embeddable":true,"href":"https:\/\/ciudadtrujillo.com\/index.php?rest_route=\/wp\/v2\/media\/38589"}],"wp:attachment":[{"href":"https:\/\/ciudadtrujillo.com\/index.php?rest_route=%2Fwp%2Fv2%2Fmedia&parent=38588"}],"wp:term":[{"taxonomy":"category","embeddable":true,"href":"https:\/\/ciudadtrujillo.com\/index.php?rest_route=%2Fwp%2Fv2%2Fcategories&post=38588"},{"taxonomy":"post_tag","embeddable":true,"href":"https:\/\/ciudadtrujillo.com\/index.php?rest_route=%2Fwp%2Fv2%2Ftags&post=38588"}],"curies":[{"name":"wp","href":"https:\/\/api.w.org\/{rel}","templated":true}]}}