{"id":38466,"date":"2024-09-03T18:57:32","date_gmt":"2024-09-03T22:57:32","guid":{"rendered":"https:\/\/ciudadtrujillo.com\/?p=38466"},"modified":"2024-09-03T18:57:32","modified_gmt":"2024-09-03T22:57:32","slug":"gobierno-de-trujillo-ha-recuperado-con-asfaltado-520-km-de-vialidad","status":"publish","type":"post","link":"https:\/\/ciudadtrujillo.com\/?p=38466","title":{"rendered":"Gobierno de Trujillo ha recuperado con asfaltado 520 km de vialidad"},"content":{"rendered":"<p style=\"text-align: justify;\">El Plan Nacional de Asfaltado y Mejoramiento de la Vialidad orientado por el Presidente Nicol\u00e1s Maduro ha rendido frutos positivos en la entidad gracias al despliegue tit\u00e1nico desarrollado por la clase trabajadora del Gobierno Bolivariano de Trujillo. Es as\u00ed como a lo largo del a\u00f1o se han impactado 520 kil\u00f3metros de v\u00eda con labores de pavimentaci\u00f3n en diversos frentes activados a lo largo y ancho del territorio.<\/p>\n<p style=\"text-align: justify;\">Los trabajos realizados por parte de la Empresa de Asfalto del estado Trujillo (Emastru) han permitido el asfaltado en bacheo y carpeta de rodamiento con m\u00e1s de 41 mil toneladas colocadas entre los meses de enero y agosto, siguiendo lineamientos del gobernador Gerardo M\u00e1rquez.<\/p>\n<p style=\"text-align: justify;\">En espec\u00edfico se han atendido las Troncales 001 y 007, as\u00ed como la Local 006 y la Autopista Cruz Carrillo. En lo que respecta a los municipios abordados, el equipo se ha desplegado por Andr\u00e9s Bello, Bocon\u00f3, Bol\u00edvar, Candelaria, Carache, Escuque, Juan Vicente Campo El\u00edas, Miranda, Monte Carmelo, Motat\u00e1n, Pamp\u00e1n, Pampanito, Rafael Rangel, San Rafael de Carvajal, Sucre, Trujillo (capital), Urdaneta y Valera.<\/p>\n<p style=\"text-align: justify;\">Con relaci\u00f3n a la recuperaci\u00f3n vial durante el mes de agosto, han sido abordados 93 kil\u00f3metros con 4.121 toneladas de asfalto. Asimismo, el talento humano de Emastru ha efectuado labores de demarcaci\u00f3n central y lateral con 75.000 metros lineales atendidos, colocaci\u00f3n de 5.430 tachas reflectivas en 19 kil\u00f3metros, as\u00ed como la limpieza de laterales en 72 kil\u00f3metros y la remoci\u00f3n de 820 metros c\u00fabicos de sedimentos.<\/p>\n<p>&nbsp;<\/p>\n<p>&nbsp;<\/p>\n<h6>Prensa Emastru<\/h6>\n","protected":false},"excerpt":{"rendered":"<p>El Plan Nacional de Asfaltado y Mejoramiento de la Vialidad orientado por el Presidente Nicol\u00e1s Maduro ha rendido frutos positivos en la entidad gracias al despliegue tit\u00e1nico desarrollado por la&hellip; <\/p>\n","protected":false},"author":7,"featured_media":38467,"comment_status":"closed","ping_status":"closed","sticky":false,"template":"","format":"standard","meta":{"footnotes":""},"categories":[52,40],"tags":[],"class_list":["post-38466","post","type-post","status-publish","format-standard","has-post-thumbnail","hentry","category-destacadas","category-grantrujillo"],"_links":{"self":[{"href":"https:\/\/ciudadtrujillo.com\/index.php?rest_route=\/wp\/v2\/posts\/38466","targetHints":{"allow":["GET"]}}],"collection":[{"href":"https:\/\/ciudadtrujillo.com\/index.php?rest_route=\/wp\/v2\/posts"}],"about":[{"href":"https:\/\/ciudadtrujillo.com\/index.php?rest_route=\/wp\/v2\/types\/post"}],"author":[{"embeddable":true,"href":"https:\/\/ciudadtrujillo.com\/index.php?rest_route=\/wp\/v2\/users\/7"}],"replies":[{"embeddable":true,"href":"https:\/\/ciudadtrujillo.com\/index.php?rest_route=%2Fwp%2Fv2%2Fcomments&post=38466"}],"version-history":[{"count":1,"href":"https:\/\/ciudadtrujillo.com\/index.php?rest_route=\/wp\/v2\/posts\/38466\/revisions"}],"predecessor-version":[{"id":38468,"href":"https:\/\/ciudadtrujillo.com\/index.php?rest_route=\/wp\/v2\/posts\/38466\/revisions\/38468"}],"wp:featuredmedia":[{"embeddable":true,"href":"https:\/\/ciudadtrujillo.com\/index.php?rest_route=\/wp\/v2\/media\/38467"}],"wp:attachment":[{"href":"https:\/\/ciudadtrujillo.com\/index.php?rest_route=%2Fwp%2Fv2%2Fmedia&parent=38466"}],"wp:term":[{"taxonomy":"category","embeddable":true,"href":"https:\/\/ciudadtrujillo.com\/index.php?rest_route=%2Fwp%2Fv2%2Fcategories&post=38466"},{"taxonomy":"post_tag","embeddable":true,"href":"https:\/\/ciudadtrujillo.com\/index.php?rest_route=%2Fwp%2Fv2%2Ftags&post=38466"}],"curies":[{"name":"wp","href":"https:\/\/api.w.org\/{rel}","templated":true}]}}