{"id":38463,"date":"2024-09-03T18:55:21","date_gmt":"2024-09-03T22:55:21","guid":{"rendered":"https:\/\/ciudadtrujillo.com\/?p=38463"},"modified":"2024-09-03T18:55:21","modified_gmt":"2024-09-03T22:55:21","slug":"mas-de-272-mil-combos-clap-fueron-despachados-en-agosto","status":"publish","type":"post","link":"https:\/\/ciudadtrujillo.com\/?p=38463","title":{"rendered":"M\u00e1s de 272 mil combos Clap fueron despachados en agosto"},"content":{"rendered":"<p style=\"text-align: justify;\">Como parte del reimpulso de la Misi\u00f3n Alimentaci\u00f3n, que desarrolla el Presidente Nicol\u00e1s Maduro, el ministro MG Carlos Leal Teller\u00eda y en la entidad el gobernador Gerardo M\u00e1rquez, durante el mes de agosto la Empresa de Propiedad Social Distribuidora Trujillana de Alimentos (Distal) entreg\u00f3 en las 93 parroquias de la entidad, en seis de ellas en dos oportunidades, un total de 272.297 combos de alimentos.<\/p>\n<p style=\"text-align: justify;\">As\u00ed lo detall\u00f3 el presidente de la mencionada empresa del Estado, Daniel Pern\u00eda, quien detall\u00f3 que gracias a las pol\u00edticas inclusivas del Gobierno Bolivariano, en la entidad se atendieron a 1.974 Clap y a todas las familias registradas en los censos. Destac\u00f3 que en dos municipios los combos se entregaron dos veces.<\/p>\n<p style=\"text-align: justify;\">Coment\u00f3 que esperan, para este mes de septiembre, seguir el ritmo y acortar los tiempos de distribuci\u00f3n para mantener el ritmo.<\/p>\n<p>&nbsp;<\/p>\n<p>&nbsp;<\/p>\n<h6>Eliph Catalina Fern\u00e1ndez\/Gr\u00e1ficas: Cortes\u00eda<\/h6>\n","protected":false},"excerpt":{"rendered":"<p>Como parte del reimpulso de la Misi\u00f3n Alimentaci\u00f3n, que desarrolla el Presidente Nicol\u00e1s Maduro, el ministro MG Carlos Leal Teller\u00eda y en la entidad el gobernador Gerardo M\u00e1rquez, durante el&hellip; <\/p>\n","protected":false},"author":7,"featured_media":38464,"comment_status":"closed","ping_status":"closed","sticky":false,"template":"","format":"standard","meta":{"footnotes":""},"categories":[40],"tags":[],"class_list":["post-38463","post","type-post","status-publish","format-standard","has-post-thumbnail","hentry","category-grantrujillo"],"_links":{"self":[{"href":"https:\/\/ciudadtrujillo.com\/index.php?rest_route=\/wp\/v2\/posts\/38463","targetHints":{"allow":["GET"]}}],"collection":[{"href":"https:\/\/ciudadtrujillo.com\/index.php?rest_route=\/wp\/v2\/posts"}],"about":[{"href":"https:\/\/ciudadtrujillo.com\/index.php?rest_route=\/wp\/v2\/types\/post"}],"author":[{"embeddable":true,"href":"https:\/\/ciudadtrujillo.com\/index.php?rest_route=\/wp\/v2\/users\/7"}],"replies":[{"embeddable":true,"href":"https:\/\/ciudadtrujillo.com\/index.php?rest_route=%2Fwp%2Fv2%2Fcomments&post=38463"}],"version-history":[{"count":1,"href":"https:\/\/ciudadtrujillo.com\/index.php?rest_route=\/wp\/v2\/posts\/38463\/revisions"}],"predecessor-version":[{"id":38465,"href":"https:\/\/ciudadtrujillo.com\/index.php?rest_route=\/wp\/v2\/posts\/38463\/revisions\/38465"}],"wp:featuredmedia":[{"embeddable":true,"href":"https:\/\/ciudadtrujillo.com\/index.php?rest_route=\/wp\/v2\/media\/38464"}],"wp:attachment":[{"href":"https:\/\/ciudadtrujillo.com\/index.php?rest_route=%2Fwp%2Fv2%2Fmedia&parent=38463"}],"wp:term":[{"taxonomy":"category","embeddable":true,"href":"https:\/\/ciudadtrujillo.com\/index.php?rest_route=%2Fwp%2Fv2%2Fcategories&post=38463"},{"taxonomy":"post_tag","embeddable":true,"href":"https:\/\/ciudadtrujillo.com\/index.php?rest_route=%2Fwp%2Fv2%2Ftags&post=38463"}],"curies":[{"name":"wp","href":"https:\/\/api.w.org\/{rel}","templated":true}]}}