{"id":33809,"date":"2024-01-10T19:10:23","date_gmt":"2024-01-10T23:10:23","guid":{"rendered":"https:\/\/ciudadtrujillo.com\/?p=33809"},"modified":"2024-01-10T19:10:23","modified_gmt":"2024-01-10T23:10:23","slug":"virgen-de-la-paz-visita-el-palacio-de-gobierno","status":"publish","type":"post","link":"https:\/\/ciudadtrujillo.com\/?p=33809","title":{"rendered":"Virgen de la Paz visita el Palacio de Gobierno"},"content":{"rendered":"<p style=\"text-align: justify;\">En hombros del gobernador Gerardo M\u00e1rquez, del secretario general, GD Julio Y\u00e9pez Castro, y trabajadores de la Gobernaci\u00f3n de Trujillo, lleg\u00f3 la imagen de Nuestra Se\u00f1ora de la Paz al Palacio de Gobierno, como parte de la programaci\u00f3n y recorridos en v\u00edsperas del d\u00eda de la patrona el pr\u00f3ximo 24 de enero. Se realiz\u00f3 un misa en el patio central oficiada por el Pbro. Gustavo Godoy, p\u00e1rroco de la Iglesia Catedral.<\/p>\n<div style=\"text-align: justify;\"><\/div>\n<div style=\"text-align: justify;\">El gobernador Gerardo M\u00e1rquez agradeci\u00f3 al sacerdote por la Eucarist\u00eda, adem\u00e1s pidi\u00f3 que todos los primeros lunes de cada mes se realice una misa en la Gobernaci\u00f3n como una fiesta espiritual. Adem\u00e1s, anunci\u00f3 que el patio central del Palacio de Gobierno tendr\u00e1 el nombre de Nuestra Se\u00f1ora de la Paz.<\/div>\n<div style=\"text-align: justify;\"><\/div>\n<div style=\"text-align: justify;\">Por su parte el padre Gustavo solicit\u00f3 que en las instituciones se exhibiera la imagen de la Virgen de la Paz para difundir la fe de todo un pueblo. \u00abNuestra Se\u00f1ora de la Paz est\u00e1 haciendo un peregrinaje muy hermoso. Est\u00e1 visitando las instituciones, sectores y parroquias de Trujillo capital. A ella le pedimos que interceda por todas nuestras necesidades, este recorrido es para prepararnos con fe y j\u00fabilo para el 24 de enero, d\u00eda de la patrona\u00bb, expres\u00f3.<\/div>\n<h6>Eliph Catalina Fern\u00e1ndez<br \/>\nGr\u00e1ficas: Fernando Chuecos<\/h6>\n","protected":false},"excerpt":{"rendered":"<p>En hombros del gobernador Gerardo M\u00e1rquez, del secretario general, GD Julio Y\u00e9pez Castro, y trabajadores de la Gobernaci\u00f3n de Trujillo, lleg\u00f3 la imagen de Nuestra Se\u00f1ora de la Paz al&hellip; <\/p>\n","protected":false},"author":7,"featured_media":33810,"comment_status":"closed","ping_status":"closed","sticky":false,"template":"","format":"standard","meta":{"footnotes":""},"categories":[40],"tags":[],"class_list":["post-33809","post","type-post","status-publish","format-standard","has-post-thumbnail","hentry","category-grantrujillo"],"_links":{"self":[{"href":"https:\/\/ciudadtrujillo.com\/index.php?rest_route=\/wp\/v2\/posts\/33809","targetHints":{"allow":["GET"]}}],"collection":[{"href":"https:\/\/ciudadtrujillo.com\/index.php?rest_route=\/wp\/v2\/posts"}],"about":[{"href":"https:\/\/ciudadtrujillo.com\/index.php?rest_route=\/wp\/v2\/types\/post"}],"author":[{"embeddable":true,"href":"https:\/\/ciudadtrujillo.com\/index.php?rest_route=\/wp\/v2\/users\/7"}],"replies":[{"embeddable":true,"href":"https:\/\/ciudadtrujillo.com\/index.php?rest_route=%2Fwp%2Fv2%2Fcomments&post=33809"}],"version-history":[{"count":1,"href":"https:\/\/ciudadtrujillo.com\/index.php?rest_route=\/wp\/v2\/posts\/33809\/revisions"}],"predecessor-version":[{"id":33811,"href":"https:\/\/ciudadtrujillo.com\/index.php?rest_route=\/wp\/v2\/posts\/33809\/revisions\/33811"}],"wp:featuredmedia":[{"embeddable":true,"href":"https:\/\/ciudadtrujillo.com\/index.php?rest_route=\/wp\/v2\/media\/33810"}],"wp:attachment":[{"href":"https:\/\/ciudadtrujillo.com\/index.php?rest_route=%2Fwp%2Fv2%2Fmedia&parent=33809"}],"wp:term":[{"taxonomy":"category","embeddable":true,"href":"https:\/\/ciudadtrujillo.com\/index.php?rest_route=%2Fwp%2Fv2%2Fcategories&post=33809"},{"taxonomy":"post_tag","embeddable":true,"href":"https:\/\/ciudadtrujillo.com\/index.php?rest_route=%2Fwp%2Fv2%2Ftags&post=33809"}],"curies":[{"name":"wp","href":"https:\/\/api.w.org\/{rel}","templated":true}]}}