{"id":33774,"date":"2024-01-09T18:22:33","date_gmt":"2024-01-09T22:22:33","guid":{"rendered":"https:\/\/ciudadtrujillo.com\/?p=33774"},"modified":"2024-01-09T18:22:33","modified_gmt":"2024-01-09T22:22:33","slug":"emao-recolecta-en-valera-300-tn-de-desechos-solidos-en-primera-semana-de-enero","status":"publish","type":"post","link":"https:\/\/ciudadtrujillo.com\/?p=33774","title":{"rendered":"EMAO recolecta en Valera 300 TN de desechos s\u00f3lidos en primera semana de enero"},"content":{"rendered":"<p lang=\"es-MX\" style=\"text-align: justify;\"><span style=\"color: #222222;\"><span style=\"font-family: Arial, sans-serif;\">Dando continuidad a las jornadas especiales de limpieza que impulsa el gobierno regional, liderado por el My. Gerardo M\u00e1rquez, a trav\u00e9s de la Empresa de Mantenimiento, Aseo y Ornato (EMAO) se han recolectado m\u00e1s de 300 toneladas de desechos s\u00f3lidos en el municipio Valera en lo que va del mes de enero.<\/span><\/span><\/p>\n<p lang=\"es-MX\" style=\"text-align: justify;\"><span style=\"color: #222222;\"><span style=\"font-family: Arial, sans-serif;\">La informaci\u00f3n fue aportada por el presidente de la EMAO, Jos\u00e9 Reyes, durante el abordaje al sector Las Lomas en la parroquia San Luis. En este sentido, detall\u00f3 que han impactado m\u00e1s de 30 sectores de diferentes parroquias con las jornadas que se mantienen en la Ciudad de las Siete Colinas, \u201cestamos siguiendo lineamientos del Presidente Nicol\u00e1s Maduro y el gobernador Gerardo M\u00e1rquez (\u2026) venimos trabajando sin descanso en la recolecci\u00f3n de desechos s\u00f3lidos en el municipio\u201d.<\/span><\/span><\/p>\n<p lang=\"es-MX\" style=\"text-align: justify;\"><span style=\"color: #222222;\"><span style=\"font-family: Arial, sans-serif;\">Precis\u00f3 que siguen desplegados los camiones compactadores de EMAO, uno de ellos reci\u00e9n recuperado, para fortalecer el servicio. Asimismo, Reyes mencion\u00f3 que<\/span><\/span>\u00a0\u201cen d\u00edas pasados estuvimos en la parroquia La Puerta\u201d.<\/p>\n<p lang=\"es-MX\" style=\"text-align: justify;\"><span style=\"color: #222222;\"><span style=\"font-family: Arial, sans-serif;\"><span style=\"font-size: medium;\">Al respecto, Daimarys Corobo, habitante de la parroquia San Luis, mencion\u00f3 que estas jornadas son importantes para evitar enfermedades y mantener la limpieza en las comunidades, \u201cesto es gracias al gobernador Gerardo M\u00e1rquez y la EMAO que est\u00e1n haciendo una gran labor porque desde los primeros de diciembre no se recolectaban los desechos s\u00f3lidos\u201d.<\/span><\/span><\/span><\/p>\n<h6>Yarlenis Albarr\u00e1n<br \/>\nGr\u00e1ficas: David V\u00e1squez<\/h6>\n","protected":false},"excerpt":{"rendered":"<p>Dando continuidad a las jornadas especiales de limpieza que impulsa el gobierno regional, liderado por el My. Gerardo M\u00e1rquez, a trav\u00e9s de la Empresa de Mantenimiento, Aseo y Ornato (EMAO)&hellip; <\/p>\n","protected":false},"author":7,"featured_media":33775,"comment_status":"closed","ping_status":"closed","sticky":false,"template":"","format":"standard","meta":{"footnotes":""},"categories":[40],"tags":[],"class_list":["post-33774","post","type-post","status-publish","format-standard","has-post-thumbnail","hentry","category-grantrujillo"],"_links":{"self":[{"href":"https:\/\/ciudadtrujillo.com\/index.php?rest_route=\/wp\/v2\/posts\/33774","targetHints":{"allow":["GET"]}}],"collection":[{"href":"https:\/\/ciudadtrujillo.com\/index.php?rest_route=\/wp\/v2\/posts"}],"about":[{"href":"https:\/\/ciudadtrujillo.com\/index.php?rest_route=\/wp\/v2\/types\/post"}],"author":[{"embeddable":true,"href":"https:\/\/ciudadtrujillo.com\/index.php?rest_route=\/wp\/v2\/users\/7"}],"replies":[{"embeddable":true,"href":"https:\/\/ciudadtrujillo.com\/index.php?rest_route=%2Fwp%2Fv2%2Fcomments&post=33774"}],"version-history":[{"count":1,"href":"https:\/\/ciudadtrujillo.com\/index.php?rest_route=\/wp\/v2\/posts\/33774\/revisions"}],"predecessor-version":[{"id":33776,"href":"https:\/\/ciudadtrujillo.com\/index.php?rest_route=\/wp\/v2\/posts\/33774\/revisions\/33776"}],"wp:featuredmedia":[{"embeddable":true,"href":"https:\/\/ciudadtrujillo.com\/index.php?rest_route=\/wp\/v2\/media\/33775"}],"wp:attachment":[{"href":"https:\/\/ciudadtrujillo.com\/index.php?rest_route=%2Fwp%2Fv2%2Fmedia&parent=33774"}],"wp:term":[{"taxonomy":"category","embeddable":true,"href":"https:\/\/ciudadtrujillo.com\/index.php?rest_route=%2Fwp%2Fv2%2Fcategories&post=33774"},{"taxonomy":"post_tag","embeddable":true,"href":"https:\/\/ciudadtrujillo.com\/index.php?rest_route=%2Fwp%2Fv2%2Ftags&post=33774"}],"curies":[{"name":"wp","href":"https:\/\/api.w.org\/{rel}","templated":true}]}}