{"id":33664,"date":"2024-01-03T20:34:37","date_gmt":"2024-01-04T00:34:37","guid":{"rendered":"https:\/\/ciudadtrujillo.com\/?p=33664"},"modified":"2024-01-03T20:34:37","modified_gmt":"2024-01-04T00:34:37","slug":"francia-estara-lista-para-paris-2024","status":"publish","type":"post","link":"https:\/\/ciudadtrujillo.com\/?p=33664","title":{"rendered":"Francia estar\u00e1 lista para Par\u00eds 2024"},"content":{"rendered":"<p style=\"text-align: justify;\">Francia estar\u00e1 listo para acoger a los Juegos Ol\u00edmpicos y Paral\u00edmpicos de Par\u00eds 2024, en medio de no pocos desaf\u00edos, asegur\u00f3 la ministra de Deporte en ese pa\u00eds, Am\u00e9lie Oud\u00e9a-Cast\u00e9ra, evento que se celebrar\u00e1 del 26 de julio al 11 de agosto, en su versi\u00f3n ol\u00edmpica; y del 28 de agosto al 11 de septiembre, en la paral\u00edmpica, en la Ciudad de la Luz.<\/p>\n<p style=\"text-align: justify;\">A 207 d\u00edas del comienzo de la cita estival, la titular coment\u00f3 que se trabaja duro en equipo, de cara a un evento con dimensiones de alta categor\u00eda, como \u201cla seguridad, el transporte, la acogida de turistas y la construcci\u00f3n de obras, que est\u00e1n bien avanzadas\u201d.<\/p>\n<p style=\"text-align: justify;\">Destacan entre las preocupaciones la contaminaci\u00f3n del r\u00edo Sena, o la inauguraci\u00f3n de los juegos con sus aguas y m\u00e1rgenes como protagonistas, un enorme reto en materia de seguridad, al estimarse hasta ahora en 400 mil la cifra de espectadores presentes en la primera inauguraci\u00f3n ol\u00edmpica de verano, fuera de un estadio.<\/p>\n<p style=\"text-align: justify;\">En sus declaraciones, la ministra de Deporte asegur\u00f3 que todas las instalaciones de Par\u00eds-2024 ser\u00e1n accesibles sin dificultades, para todas las personas, incluso las que tengan discapacidades f\u00edsicas.<\/p>\n<h6>VTV<br \/>\nGr\u00e1ficas: Cortes\u00eda<\/h6>\n","protected":false},"excerpt":{"rendered":"<p>Francia estar\u00e1 listo para acoger a los Juegos Ol\u00edmpicos y Paral\u00edmpicos de Par\u00eds 2024, en medio de no pocos desaf\u00edos, asegur\u00f3 la ministra de Deporte en ese pa\u00eds, Am\u00e9lie Oud\u00e9a-Cast\u00e9ra,&hellip; <\/p>\n","protected":false},"author":7,"featured_media":33665,"comment_status":"closed","ping_status":"closed","sticky":false,"template":"","format":"standard","meta":{"footnotes":""},"categories":[44],"tags":[],"class_list":["post-33664","post","type-post","status-publish","format-standard","has-post-thumbnail","hentry","category-deportes"],"_links":{"self":[{"href":"https:\/\/ciudadtrujillo.com\/index.php?rest_route=\/wp\/v2\/posts\/33664","targetHints":{"allow":["GET"]}}],"collection":[{"href":"https:\/\/ciudadtrujillo.com\/index.php?rest_route=\/wp\/v2\/posts"}],"about":[{"href":"https:\/\/ciudadtrujillo.com\/index.php?rest_route=\/wp\/v2\/types\/post"}],"author":[{"embeddable":true,"href":"https:\/\/ciudadtrujillo.com\/index.php?rest_route=\/wp\/v2\/users\/7"}],"replies":[{"embeddable":true,"href":"https:\/\/ciudadtrujillo.com\/index.php?rest_route=%2Fwp%2Fv2%2Fcomments&post=33664"}],"version-history":[{"count":2,"href":"https:\/\/ciudadtrujillo.com\/index.php?rest_route=\/wp\/v2\/posts\/33664\/revisions"}],"predecessor-version":[{"id":33667,"href":"https:\/\/ciudadtrujillo.com\/index.php?rest_route=\/wp\/v2\/posts\/33664\/revisions\/33667"}],"wp:featuredmedia":[{"embeddable":true,"href":"https:\/\/ciudadtrujillo.com\/index.php?rest_route=\/wp\/v2\/media\/33665"}],"wp:attachment":[{"href":"https:\/\/ciudadtrujillo.com\/index.php?rest_route=%2Fwp%2Fv2%2Fmedia&parent=33664"}],"wp:term":[{"taxonomy":"category","embeddable":true,"href":"https:\/\/ciudadtrujillo.com\/index.php?rest_route=%2Fwp%2Fv2%2Fcategories&post=33664"},{"taxonomy":"post_tag","embeddable":true,"href":"https:\/\/ciudadtrujillo.com\/index.php?rest_route=%2Fwp%2Fv2%2Ftags&post=33664"}],"curies":[{"name":"wp","href":"https:\/\/api.w.org\/{rel}","templated":true}]}}