{"id":32682,"date":"2023-11-23T22:39:31","date_gmt":"2023-11-24T02:39:31","guid":{"rendered":"https:\/\/ciudadtrujillo.com\/?p=32682"},"modified":"2023-11-23T22:39:31","modified_gmt":"2023-11-24T02:39:31","slug":"ministro-ildemaro-villarroel-inspecciono-urbanismo-en-pampan","status":"publish","type":"post","link":"https:\/\/ciudadtrujillo.com\/?p=32682","title":{"rendered":"Ministro Ildemaro Villarroel inspeccion\u00f3 urbanismo en Pamp\u00e1n"},"content":{"rendered":"<p style=\"text-align: justify;\">Este jueves, el ministro de H\u00e1bitat y Vivienda, Ildemaro Villarroel, junto al secretario de gobierno, G\/D Julio Y\u00e9pez Castro, inspeccion\u00f3 las viviendas de la urbanismo Brisas de la Paz del municipio Pamp\u00e1n, las cuales ser\u00e1n entregadas pr\u00f3ximamente a las familias priorizadas.<\/p>\n<p style=\"text-align: justify;\">El ministro inform\u00f3 que entregar\u00e1n viviendas en todo el territorio trujillano, bajo los lineamientos del Presidente Nicol\u00e1s Maduro, quien garantiza el acceso a la vivienda con el apoyo del gobernador Gerardo M\u00e1rquez.<\/p>\n<p style=\"text-align: justify;\">\u00abVamos rumbo al cumplimiento, ac\u00e1 en Trujillo y a nivel nacional del hito 4.900.000, el cual nos eleva a una posici\u00f3n de vanguardia en la consideraci\u00f3n de la vivienda como un derecho social para las familias que m\u00e1s lo necesitan, gracias al sistema del Banco Nacional de H\u00e1bitat y Vivienda y el Fondo de Ahorro Obligatorio\u00bb, se\u00f1al\u00f3.<\/p>\n<p style=\"text-align: justify;\">Asimismo, Villarroel explic\u00f3 que las cuotas de pago son de manera accesible, dependiendo del nivel de ingreso de las personas favorecidas.<\/p>\n<p style=\"text-align: justify;\">Por su parte, el secretario general de gobierno, enfatiz\u00f3 que siguen uniendo esfuerzos desde el ejecutivo nacional, regional y municipal, para consolidar los proyectos que garantizar\u00e1n bienestar al pueblo.<\/p>\n<p style=\"text-align: justify;\">\u00abEsto es una obra que est\u00e1 casi culminada en un 100% y que brinda a la personas comodidades para que puedan seguir creciendo en todos sus \u00e1mbitos sociales\u00bb finaliz\u00f3.<\/p>\n<p>&nbsp;<\/p>\n<p>&nbsp;<\/p>\n<h6>Rossiel Hurtado\/Gr\u00e1fica: David V\u00e1squez<\/h6>\n","protected":false},"excerpt":{"rendered":"<p>Este jueves, el ministro de H\u00e1bitat y Vivienda, Ildemaro Villarroel, junto al secretario de gobierno, G\/D Julio Y\u00e9pez Castro, inspeccion\u00f3 las viviendas de la urbanismo Brisas de la Paz del&hellip; <\/p>\n","protected":false},"author":7,"featured_media":32683,"comment_status":"closed","ping_status":"closed","sticky":false,"template":"","format":"standard","meta":{"footnotes":""},"categories":[40],"tags":[],"class_list":["post-32682","post","type-post","status-publish","format-standard","has-post-thumbnail","hentry","category-grantrujillo"],"_links":{"self":[{"href":"https:\/\/ciudadtrujillo.com\/index.php?rest_route=\/wp\/v2\/posts\/32682","targetHints":{"allow":["GET"]}}],"collection":[{"href":"https:\/\/ciudadtrujillo.com\/index.php?rest_route=\/wp\/v2\/posts"}],"about":[{"href":"https:\/\/ciudadtrujillo.com\/index.php?rest_route=\/wp\/v2\/types\/post"}],"author":[{"embeddable":true,"href":"https:\/\/ciudadtrujillo.com\/index.php?rest_route=\/wp\/v2\/users\/7"}],"replies":[{"embeddable":true,"href":"https:\/\/ciudadtrujillo.com\/index.php?rest_route=%2Fwp%2Fv2%2Fcomments&post=32682"}],"version-history":[{"count":1,"href":"https:\/\/ciudadtrujillo.com\/index.php?rest_route=\/wp\/v2\/posts\/32682\/revisions"}],"predecessor-version":[{"id":32684,"href":"https:\/\/ciudadtrujillo.com\/index.php?rest_route=\/wp\/v2\/posts\/32682\/revisions\/32684"}],"wp:featuredmedia":[{"embeddable":true,"href":"https:\/\/ciudadtrujillo.com\/index.php?rest_route=\/wp\/v2\/media\/32683"}],"wp:attachment":[{"href":"https:\/\/ciudadtrujillo.com\/index.php?rest_route=%2Fwp%2Fv2%2Fmedia&parent=32682"}],"wp:term":[{"taxonomy":"category","embeddable":true,"href":"https:\/\/ciudadtrujillo.com\/index.php?rest_route=%2Fwp%2Fv2%2Fcategories&post=32682"},{"taxonomy":"post_tag","embeddable":true,"href":"https:\/\/ciudadtrujillo.com\/index.php?rest_route=%2Fwp%2Fv2%2Ftags&post=32682"}],"curies":[{"name":"wp","href":"https:\/\/api.w.org\/{rel}","templated":true}]}}