{"id":3035,"date":"2020-10-22T15:20:45","date_gmt":"2020-10-22T15:20:45","guid":{"rendered":"http:\/\/ciudadtrujillo.com\/?p=3035"},"modified":"2020-10-22T15:20:45","modified_gmt":"2020-10-22T15:20:45","slug":"inicia-plan-bocono-heroico","status":"publish","type":"post","link":"https:\/\/ciudadtrujillo.com\/?p=3035","title":{"rendered":"Inicia Plan Bocon\u00f3 Heroico para embellecimiento del municipio"},"content":{"rendered":"<p style=\"text-align: justify;\">Recientemente inici\u00f3 el Plan Bocon\u00f3 Heroico con el objetivo de llevar a cabo jornadas de embellecimiento, aseo, ornato y desinfecci\u00f3n que incidan en la recuperaci\u00f3n de espacios p\u00fablicos para el sano esparcimiento de la poblaci\u00f3n.<\/p>\n<p style=\"text-align: justify;\">En este sentido, a trav\u00e9s de la cuenta de la red social Instagram @prensaalcaldiadebocono, el alcalde del municipio, Luis Hidalgo, precis\u00f3 que el Plan comenz\u00f3 desde la avenida El Cementerio, \u201cun plan dise\u00f1ado con la finalidad de mejorar las condiciones de nuestros espacios (\u2026) a pesar de la pandemia, y la guerra econ\u00f3mica seguiremos trabajando en pro de nuestro pueblo\u201d.<\/p>\n<p style=\"text-align: justify;\">Hidalgo detall\u00f3 que se realiza un despliegue de las cuadrillas de la alcald\u00eda para el desmalezamiento y remozamiento de diversos espacios, adem\u00e1s se\u00f1al\u00f3 que trabajan de manera articulada con la Corporaci\u00f3n El\u00e9ctrica Nacional (Corpoelec) para el mejoramiento del alumbrado p\u00fablico en la localidad.<\/p>\n<p style=\"text-align: justify;\">Igualmente agradeci\u00f3 al gobierno nacional, regional y a los candidatos del Gran Polo Patri\u00f3tico Sim\u00f3n Bol\u00edvar (Gppsb) que \u201chan brindado todo el apoyo en aras de impulsar el proyecto\u201d.<\/p>\n<p style=\"text-align: justify;\">\u201cHacemos un llamado a toda la poblaci\u00f3n del Jard\u00edn de Venezuela a mantener limpias estas \u00e1reas que son importantes para el municipio\u201d, manifest\u00f3 el burgomaestre.<\/p>\n<p style=\"text-align: justify;\">De igual manera, inst\u00f3 a los voceros de los consejos comunales y a los Comit\u00e9s Locales de Abastecimiento y Producci\u00f3n (Clap) a trabajar con el Poder Popular para cuidar los espacios.<\/p>\n<p style=\"text-align: justify;\">Finalmente, el alcalde indic\u00f3 que luego de culminar la primera fase continuar\u00e1n el abordaje en otros sectores de la jurisdicci\u00f3n.<\/p>\n<p style=\"text-align: justify;\">Es importante mencionar que este plan tiene como eje central el mejoramiento, conservaci\u00f3n y mantenimiento del ambiente de forma eficaz y eficiente, orientando a la transformaci\u00f3n del h\u00e1bitat en socialismo y revoluci\u00f3n.<\/p>\n<p style=\"text-align: justify;\">Por otro lado, tiene como visi\u00f3n mantener de forma sostenible, heroica y virtuosa el Jard\u00edn de Venezuela, generando de este modo el embellecimiento de espacios p\u00fablicos que causen mayor calidad, condici\u00f3n y protecci\u00f3n de las \u00e1reas verdes.<\/p>\n<p style=\"text-align: justify;\">\n<h6 style=\"text-align: justify;\"><em>Yarlenis Albarr\u00e1n<\/em><\/h6>\n<h6 style=\"text-align: justify;\"><em>Gr\u00e1fica: Cortes\u00eda<\/em><\/h6>\n<p style=\"text-align: justify;\">\n<p style=\"text-align: justify;\">\n","protected":false},"excerpt":{"rendered":"<p>Recientemente inici\u00f3 el Plan Bocon\u00f3 Heroico con el objetivo de llevar a cabo jornadas de embellecimiento, aseo, ornato y desinfecci\u00f3n que incidan en la recuperaci\u00f3n de espacios p\u00fablicos para el&hellip; <\/p>\n","protected":false},"author":1,"featured_media":3036,"comment_status":"closed","ping_status":"closed","sticky":false,"template":"","format":"standard","meta":{"footnotes":""},"categories":[40],"tags":[],"class_list":["post-3035","post","type-post","status-publish","format-standard","has-post-thumbnail","hentry","category-grantrujillo"],"_links":{"self":[{"href":"https:\/\/ciudadtrujillo.com\/index.php?rest_route=\/wp\/v2\/posts\/3035","targetHints":{"allow":["GET"]}}],"collection":[{"href":"https:\/\/ciudadtrujillo.com\/index.php?rest_route=\/wp\/v2\/posts"}],"about":[{"href":"https:\/\/ciudadtrujillo.com\/index.php?rest_route=\/wp\/v2\/types\/post"}],"author":[{"embeddable":true,"href":"https:\/\/ciudadtrujillo.com\/index.php?rest_route=\/wp\/v2\/users\/1"}],"replies":[{"embeddable":true,"href":"https:\/\/ciudadtrujillo.com\/index.php?rest_route=%2Fwp%2Fv2%2Fcomments&post=3035"}],"version-history":[{"count":1,"href":"https:\/\/ciudadtrujillo.com\/index.php?rest_route=\/wp\/v2\/posts\/3035\/revisions"}],"predecessor-version":[{"id":3037,"href":"https:\/\/ciudadtrujillo.com\/index.php?rest_route=\/wp\/v2\/posts\/3035\/revisions\/3037"}],"wp:featuredmedia":[{"embeddable":true,"href":"https:\/\/ciudadtrujillo.com\/index.php?rest_route=\/wp\/v2\/media\/3036"}],"wp:attachment":[{"href":"https:\/\/ciudadtrujillo.com\/index.php?rest_route=%2Fwp%2Fv2%2Fmedia&parent=3035"}],"wp:term":[{"taxonomy":"category","embeddable":true,"href":"https:\/\/ciudadtrujillo.com\/index.php?rest_route=%2Fwp%2Fv2%2Fcategories&post=3035"},{"taxonomy":"post_tag","embeddable":true,"href":"https:\/\/ciudadtrujillo.com\/index.php?rest_route=%2Fwp%2Fv2%2Ftags&post=3035"}],"curies":[{"name":"wp","href":"https:\/\/api.w.org\/{rel}","templated":true}]}}