{"id":3031,"date":"2020-10-22T15:13:39","date_gmt":"2020-10-22T15:13:39","guid":{"rendered":"http:\/\/ciudadtrujillo.com\/?p=3031"},"modified":"2020-10-22T15:13:39","modified_gmt":"2020-10-22T15:13:39","slug":"declaran-patrimonio-historico-cultural-casco-central-de-santa-ana","status":"publish","type":"post","link":"https:\/\/ciudadtrujillo.com\/?p=3031","title":{"rendered":"Declaran Patrimonio Hist\u00f3rico Cultural casco central de Santa Ana"},"content":{"rendered":"<p style=\"text-align: justify;\">Recientemente en sesi\u00f3n ordinaria, fue declarado \u201cPatrimonio Hist\u00f3rico Cultural\u201d el casco central de la parroquia Santa Ana, del municipio Pamp\u00e1n. La decisi\u00f3n surgi\u00f3 enmarcada en el Bicentenario de los Tratados de Armisticio y Regularizaci\u00f3n de la Guerra con el objetivo de dar realce a la gesta independentista que marc\u00f3 la historia de Venezuela y el mundo.<\/p>\n<p style=\"text-align: justify;\">La informaci\u00f3n la suministr\u00f3 el presidente del concejo municipal de Pamp\u00e1n, Alejandro Valera, como parte de los avances en la planificaci\u00f3n de los 200 a\u00f1os de los Tratados de Trujillo.<\/p>\n<p style=\"text-align: justify;\">Valera destac\u00f3 la importancia del legado del Libertador Sim\u00f3n Bol\u00edvar al consolidar los sellos de paz, teniendo como epicentro la poblaci\u00f3n de Santa Ana.<\/p>\n<p style=\"text-align: justify;\">Tambi\u00e9n se\u00f1al\u00f3 que est\u00e1n definiendo lo que ser\u00e1 las condecoraciones a personalidades con sentido de pertenencia hacia esa hist\u00f3rica localidad.<\/p>\n<p style=\"text-align: justify;\">Por su parte, el vicepresidente del concejo, Arturo Morales, inform\u00f3 que todo forma parte de un elemento inicial para elevar a Patrimonio Hist\u00f3rico Nacional esa parroquia.<\/p>\n<p style=\"text-align: justify;\">Record\u00f3 que esta jurisdicci\u00f3n, ha llegado a ser hoy un \u00edcono de los Tratados de Armisticio y la Regularizaci\u00f3n de la Guerra.<\/p>\n<p style=\"text-align: justify;\">Finalmente, los ediles resaltaron el trabajo mancomunado que vienen desarrollando con la Gobernaci\u00f3n del estado y la alcald\u00eda de Pamp\u00e1n, con el fin de cumplir a cabalidad toda la planificaci\u00f3n en pro del desarrollo hist\u00f3rico de esta poblaci\u00f3n.<\/p>\n<p style=\"text-align: justify;\">Cabe destacar que como parte de las actividades previas a la celebraci\u00f3n del Bicentenario el pr\u00f3ximo mes de noviembre, en d\u00edas recientes se dio inicio a una serie de jornadas de atenci\u00f3n social integral que favorecieron a las m\u00e1s de 2 mil 800 familias de los 34 sectores de la parroquia Santa Ana.<\/p>\n<p style=\"text-align: justify;\">Dicha jornada de atenci\u00f3n fue realizada por la Direcci\u00f3n de Desarrollo Social Participativo, liderada por Inglith Donofrio, en la cual fueron ofrecidos servicios de peluquer\u00eda, asesor\u00eda nutricional y jur\u00eddica, vacunaci\u00f3n, entrega de alimentos, canastillas, juguetes y medicamentos, entre otros aspectos.<\/p>\n<p style=\"text-align: justify;\">\n<h6 style=\"text-align: justify;\"><\/h6>\n<h6 style=\"text-align: justify;\"><em>Prensa Concejo Municipal de Pamp\u00e1n<\/em><\/h6>\n<h6 style=\"text-align: justify;\"><em>Gr\u00e1fica: Leonardo Ter\u00e1n<\/em><\/h6>\n<h6 style=\"text-align: justify;\"><\/h6>\n","protected":false},"excerpt":{"rendered":"<p>Recientemente en sesi\u00f3n ordinaria, fue declarado \u201cPatrimonio Hist\u00f3rico Cultural\u201d el casco central de la parroquia Santa Ana, del municipio Pamp\u00e1n. La decisi\u00f3n surgi\u00f3 enmarcada en el Bicentenario de los Tratados&hellip; <\/p>\n","protected":false},"author":1,"featured_media":3032,"comment_status":"closed","ping_status":"closed","sticky":false,"template":"","format":"standard","meta":{"footnotes":""},"categories":[40],"tags":[],"class_list":["post-3031","post","type-post","status-publish","format-standard","has-post-thumbnail","hentry","category-grantrujillo"],"_links":{"self":[{"href":"https:\/\/ciudadtrujillo.com\/index.php?rest_route=\/wp\/v2\/posts\/3031","targetHints":{"allow":["GET"]}}],"collection":[{"href":"https:\/\/ciudadtrujillo.com\/index.php?rest_route=\/wp\/v2\/posts"}],"about":[{"href":"https:\/\/ciudadtrujillo.com\/index.php?rest_route=\/wp\/v2\/types\/post"}],"author":[{"embeddable":true,"href":"https:\/\/ciudadtrujillo.com\/index.php?rest_route=\/wp\/v2\/users\/1"}],"replies":[{"embeddable":true,"href":"https:\/\/ciudadtrujillo.com\/index.php?rest_route=%2Fwp%2Fv2%2Fcomments&post=3031"}],"version-history":[{"count":2,"href":"https:\/\/ciudadtrujillo.com\/index.php?rest_route=\/wp\/v2\/posts\/3031\/revisions"}],"predecessor-version":[{"id":3034,"href":"https:\/\/ciudadtrujillo.com\/index.php?rest_route=\/wp\/v2\/posts\/3031\/revisions\/3034"}],"wp:featuredmedia":[{"embeddable":true,"href":"https:\/\/ciudadtrujillo.com\/index.php?rest_route=\/wp\/v2\/media\/3032"}],"wp:attachment":[{"href":"https:\/\/ciudadtrujillo.com\/index.php?rest_route=%2Fwp%2Fv2%2Fmedia&parent=3031"}],"wp:term":[{"taxonomy":"category","embeddable":true,"href":"https:\/\/ciudadtrujillo.com\/index.php?rest_route=%2Fwp%2Fv2%2Fcategories&post=3031"},{"taxonomy":"post_tag","embeddable":true,"href":"https:\/\/ciudadtrujillo.com\/index.php?rest_route=%2Fwp%2Fv2%2Ftags&post=3031"}],"curies":[{"name":"wp","href":"https:\/\/api.w.org\/{rel}","templated":true}]}}