{"id":3028,"date":"2020-10-22T15:10:18","date_gmt":"2020-10-22T15:10:18","guid":{"rendered":"http:\/\/ciudadtrujillo.com\/?p=3028"},"modified":"2020-10-22T15:10:18","modified_gmt":"2020-10-22T15:10:18","slug":"inces-elabora-plan-de-trabajo-especial","status":"publish","type":"post","link":"https:\/\/ciudadtrujillo.com\/?p=3028","title":{"rendered":"Inces elabora plan de trabajo especial"},"content":{"rendered":"<p style=\"text-align: justify;\">Durante una reuni\u00f3n con los diferentes jefes de divisi\u00f3n, coordinadores de programas y maestros t\u00e9cnicos productivos, realiz\u00f3 el jefe de formaci\u00f3n profesional del Instituto Nacional de Capacitaci\u00f3n y Educaci\u00f3n Socialista (Inces) de Trujillo, Marcos Ortega, anunci\u00f3 cambios importantes, eventos y jornadas de capacitaci\u00f3n que traer\u00e1n beneficios operativos al organismo en la recta final de este a\u00f1o 2020.<\/p>\n<p style=\"text-align: justify;\">Los mismos estar\u00e1n incluidos en el Plan de Trabajo 50, el cual, de acuerdo al anuncio, permitir\u00e1 a cada uno de los programas y maestros t\u00e9cnicos productivos tener una visi\u00f3n m\u00e1s clara de las necesidades de las comunidades con una relevante proyecci\u00f3n hacia el venidero 2021, en medio de la coyuntura que atraviesa el pa\u00eds producto de covid-19.<\/p>\n<p style=\"text-align: justify;\">\nEntre esos anuncios estuvo, en lo formativo la modalidad semipresencial y presencial que adoptar\u00e1 la Unidad Educativa Inces Trujillo y cada una de los distintos programas que imparte en Inces, guardando las medidas de bioseguridad establecidas por las autoridades nacionales en este periodo de cuarentena social y colectiva.<\/p>\n<p style=\"text-align: justify;\">\nTambi\u00e9n inform\u00f3 sobre realizaci\u00f3n de cuatro jornadas masivas de certificaci\u00f3n de oficios; una de formaci\u00f3n para los trabajadores Inces, adem\u00e1s de cuatro muestras productivas que se efectuar\u00e1n en los centros de formaci\u00f3n socialistas del organismo, donde se exhibir\u00e1 parte de los trabajos que realizan los participantes durante los cursos.<\/p>\n<p style=\"text-align: justify;\">\nMarcos Ortega indic\u00f3 que en el \u00e1rea agr\u00edcola est\u00e1 prevista la fabricaci\u00f3n de herramientas y la siembra de ciclo corto en el Centro de Formaci\u00f3n Socialista \u201cSamuel Robinson\u201d, del municipio Bocon\u00f3, hecho que mantiene en expectativa a las autoridades por las experiencias positivas y el agrado que despierta en el p\u00fablico este tipo de trabajos de nuestro organismo.<\/p>\n<p style=\"text-align: justify;\">\n<p style=\"text-align: justify;\">Dicho Plan de Trabajo 50, (su nombre se debe a los 50 d\u00edas restantes de este ejercicio fiscal 2020) ser\u00e1 elaborado por las piezas comprometidas con la formaci\u00f3n acad\u00e9mica junto con el jefe de formaci\u00f3n que ser\u00e1 el que determinar\u00e1 la vialidad de esas formaciones y su ajuste de acuerdo a las demandas del p\u00fablico que solicita informaci\u00f3n.<\/p>\n<p style=\"text-align: justify;\">\nTambi\u00e9n Ortega explic\u00f3 que los mismos incidir\u00e1n directamente a la parte formativa, agr\u00edcola, textil, industria, certificaci\u00f3n y acreditaci\u00f3n y de la Unidad Educativa del Inces-Trujillo, quienes conforman la parte productiva del ente durante este periodo de cuarentena social que debi\u00f3 adaptar la mayor\u00eda de sus cursos a la formaci\u00f3n digital y tecnol\u00f3gica.<\/p>\n<p style=\"text-align: justify;\">\n\u00abEste sistema a distancia ha hecho posible la operatividad del Inces-Trujillo pues a tiempo supimos adelantarnos a los escenarios y eso permiti\u00f3 corregir errores y otros aspectos sin perder de vista que cada una de estas formaciones deben estar circunscritas dentro de los motores de producci\u00f3n que el Gobierno nacional dise\u00f1\u00f3 para hacerle frente a la situaci\u00f3n econ\u00f3mica\u00bb, puntualiz\u00f3 el jefe de formaci\u00f3n profesional.<\/p>\n<p style=\"text-align: justify;\">\n<h6 style=\"text-align: justify;\"><\/h6>\n<h6 style=\"text-align: justify;\"><em>Inces Trujillo<\/em><br \/>\n<em>Gr\u00e1fica: cortes\u00eda<\/em><\/h6>\n<p style=\"text-align: justify;\">\n","protected":false},"excerpt":{"rendered":"<p>Durante una reuni\u00f3n con los diferentes jefes de divisi\u00f3n, coordinadores de programas y maestros t\u00e9cnicos productivos, realiz\u00f3 el jefe de formaci\u00f3n profesional del Instituto Nacional de Capacitaci\u00f3n y Educaci\u00f3n Socialista&hellip; <\/p>\n","protected":false},"author":1,"featured_media":3029,"comment_status":"closed","ping_status":"closed","sticky":false,"template":"","format":"standard","meta":{"footnotes":""},"categories":[40],"tags":[],"class_list":["post-3028","post","type-post","status-publish","format-standard","has-post-thumbnail","hentry","category-grantrujillo"],"_links":{"self":[{"href":"https:\/\/ciudadtrujillo.com\/index.php?rest_route=\/wp\/v2\/posts\/3028","targetHints":{"allow":["GET"]}}],"collection":[{"href":"https:\/\/ciudadtrujillo.com\/index.php?rest_route=\/wp\/v2\/posts"}],"about":[{"href":"https:\/\/ciudadtrujillo.com\/index.php?rest_route=\/wp\/v2\/types\/post"}],"author":[{"embeddable":true,"href":"https:\/\/ciudadtrujillo.com\/index.php?rest_route=\/wp\/v2\/users\/1"}],"replies":[{"embeddable":true,"href":"https:\/\/ciudadtrujillo.com\/index.php?rest_route=%2Fwp%2Fv2%2Fcomments&post=3028"}],"version-history":[{"count":1,"href":"https:\/\/ciudadtrujillo.com\/index.php?rest_route=\/wp\/v2\/posts\/3028\/revisions"}],"predecessor-version":[{"id":3030,"href":"https:\/\/ciudadtrujillo.com\/index.php?rest_route=\/wp\/v2\/posts\/3028\/revisions\/3030"}],"wp:featuredmedia":[{"embeddable":true,"href":"https:\/\/ciudadtrujillo.com\/index.php?rest_route=\/wp\/v2\/media\/3029"}],"wp:attachment":[{"href":"https:\/\/ciudadtrujillo.com\/index.php?rest_route=%2Fwp%2Fv2%2Fmedia&parent=3028"}],"wp:term":[{"taxonomy":"category","embeddable":true,"href":"https:\/\/ciudadtrujillo.com\/index.php?rest_route=%2Fwp%2Fv2%2Fcategories&post=3028"},{"taxonomy":"post_tag","embeddable":true,"href":"https:\/\/ciudadtrujillo.com\/index.php?rest_route=%2Fwp%2Fv2%2Ftags&post=3028"}],"curies":[{"name":"wp","href":"https:\/\/api.w.org\/{rel}","templated":true}]}}