{"id":3015,"date":"2020-10-20T22:45:02","date_gmt":"2020-10-20T22:45:02","guid":{"rendered":"http:\/\/ciudadtrujillo.com\/?p=3015"},"modified":"2020-10-20T22:45:02","modified_gmt":"2020-10-20T22:45:02","slug":"extienden-congreso-nacional-de-las-comunas-2-0","status":"publish","type":"post","link":"https:\/\/ciudadtrujillo.com\/?p=3015","title":{"rendered":"Extienden Congreso Nacional de las Comunas 2.0 hasta el 23 de enero de 2021"},"content":{"rendered":"<p style=\"text-align: justify;\">El presidente de la Rep\u00fablica, Nicol\u00e1s Maduro, anunci\u00f3 este martes que el Congreso Nacional de las Comunas 2.0 se realizar\u00e1 en el pa\u00eds hasta el 23 de enero de 2021, a fin de incluir a todas las organizaciones sociales del pa\u00eds.<\/p>\n<p style=\"text-align: justify;\">\n\u00abSe extiende hasta el 23 de enero el Congreso 2.0 para las comunas, tenemos que ir por m\u00e1s, a tocar la puerta a todas las comunas para que todo el mundo se sienta part\u00edcipe\u00bb, dijo desde una jornada de trabajo donde celebr\u00f3 el octavo aniversario del Golpe de Tim\u00f3n.<\/p>\n<p style=\"text-align: justify;\">Se cumpleron 8 a\u00f1os del Golpe de Tim\u00f3n, donde el comandante Ch\u00e1vez hizo un conjunto de reflexiones de balance hist\u00f3rico de la Revoluci\u00f3n. 8 a\u00f1os y la lucha continua, 8 a\u00f1os y la Revoluci\u00f3n est\u00e1 m\u00e1s viva que nunca, afirm\u00f3 el Jefe de Estado<\/p>\n<p style=\"text-align: justify;\">De igual manera, Maduro expres\u00f3, \u00abHoy siento el estremecimiento del esp\u00edritu vivo de Ch\u00e1vez, de los sue\u00f1os vivos de Ch\u00e1vez, que los llev\u00f3 en el coraz\u00f3n (\u2026) ese sue\u00f1o gigante de una Venezuela democr\u00e1tica, libre, soberana y verdaderamente socialista. Ch\u00e1vez est\u00e1 vivo y est\u00e1 presente en nuestras luchas\u00bb.<\/p>\n<p style=\"text-align: justify;\">Tambi\u00e9n, el Jefe de Estado agreg\u00f3 que Venezuela est\u00e1 en pleno proceso de recuperaci\u00f3n de la pandemia, raz\u00f3n por la que las actividades se ir\u00e1n retomando poco a poco. \u00abLa flexibilizaci\u00f3n general controlada es un \u00e9xito. Recorr\u00ed muchas calles hoy y hab\u00eda mucha gente en la calle, pero todo el mundo con su tapabocas. Venezuela se est\u00e1 cuidando, nos estamos cuidando, tenemos una disminuci\u00f3n importante de la pandemia\u00bb, dijo.<\/p>\n<p style=\"text-align: justify;\">\n<p style=\"text-align: justify;\">\n<p style=\"text-align: justify;\">\n<h6 style=\"text-align: justify;\"><em>Fiorella Villa<\/em><br \/>\n<em>Gr\u00e1fica: Cortes\u00eda<\/em><\/h6>\n<p style=\"text-align: justify;\">\n","protected":false},"excerpt":{"rendered":"<p>El presidente de la Rep\u00fablica, Nicol\u00e1s Maduro, anunci\u00f3 este martes que el Congreso Nacional de las Comunas 2.0 se realizar\u00e1 en el pa\u00eds hasta el 23 de enero de 2021,&hellip; <\/p>\n","protected":false},"author":1,"featured_media":3016,"comment_status":"closed","ping_status":"closed","sticky":false,"template":"","format":"standard","meta":{"footnotes":""},"categories":[52,41],"tags":[],"class_list":["post-3015","post","type-post","status-publish","format-standard","has-post-thumbnail","hentry","category-destacadas","category-pais"],"_links":{"self":[{"href":"https:\/\/ciudadtrujillo.com\/index.php?rest_route=\/wp\/v2\/posts\/3015","targetHints":{"allow":["GET"]}}],"collection":[{"href":"https:\/\/ciudadtrujillo.com\/index.php?rest_route=\/wp\/v2\/posts"}],"about":[{"href":"https:\/\/ciudadtrujillo.com\/index.php?rest_route=\/wp\/v2\/types\/post"}],"author":[{"embeddable":true,"href":"https:\/\/ciudadtrujillo.com\/index.php?rest_route=\/wp\/v2\/users\/1"}],"replies":[{"embeddable":true,"href":"https:\/\/ciudadtrujillo.com\/index.php?rest_route=%2Fwp%2Fv2%2Fcomments&post=3015"}],"version-history":[{"count":1,"href":"https:\/\/ciudadtrujillo.com\/index.php?rest_route=\/wp\/v2\/posts\/3015\/revisions"}],"predecessor-version":[{"id":3017,"href":"https:\/\/ciudadtrujillo.com\/index.php?rest_route=\/wp\/v2\/posts\/3015\/revisions\/3017"}],"wp:featuredmedia":[{"embeddable":true,"href":"https:\/\/ciudadtrujillo.com\/index.php?rest_route=\/wp\/v2\/media\/3016"}],"wp:attachment":[{"href":"https:\/\/ciudadtrujillo.com\/index.php?rest_route=%2Fwp%2Fv2%2Fmedia&parent=3015"}],"wp:term":[{"taxonomy":"category","embeddable":true,"href":"https:\/\/ciudadtrujillo.com\/index.php?rest_route=%2Fwp%2Fv2%2Fcategories&post=3015"},{"taxonomy":"post_tag","embeddable":true,"href":"https:\/\/ciudadtrujillo.com\/index.php?rest_route=%2Fwp%2Fv2%2Ftags&post=3015"}],"curies":[{"name":"wp","href":"https:\/\/api.w.org\/{rel}","templated":true}]}}